{"id":16211,"date":"2014-04-25T00:00:00","date_gmt":"2014-04-25T03:00:00","guid":{"rendered":"https:\/\/www.cnbb.org.br\/cnbb-fara-entrega-dos-premios-de-comunicacao-na-assembleia-geral\/"},"modified":"2014-04-25T00:00:00","modified_gmt":"2014-04-25T03:00:00","slug":"cnbb-fara-entrega-dos-premios-de-comunicacao-na-assembleia-geral","status":"publish","type":"post","link":"https:\/\/www.cnbb.org.br\/cnbb-fara-entrega-dos-premios-de-comunicacao-na-assembleia-geral\/","title":{"rendered":"CNBB far\u00e1 entrega dos Pr\u00eamios de Comunica\u00e7\u00e3o na Assembleia Geral"},"content":{"rendered":"<p style=\"text-align: justify\"><span style=\"line-height: 1.3em\">Como parte da programa\u00e7\u00e3o da 52\u00aa Assembleia Geral dos Bispos do Brasil, \u00a0ser\u00e1 realizada hoje \u00e0 noite,\u00a01\u00ba de maio, \u00e0s 20h45, \u00a0a cerim\u00f4nia de entrega dos pr\u00eamios de comunica\u00e7\u00e3o da CNBB. Entre os mais de 50 trabalhos inscritos na edi\u00e7\u00e3o 2014, 15 obras ser\u00e3o premiadas.<\/span><\/p>\n<p><!--more--><\/p>\n<p style=\"text-align: justify\"><span style=\"line-height: 1.3em\">O evento ser\u00e1 transmitido ao vivo pelas TVs de inspira\u00e7\u00e3o cat\u00f3lica e pela Rede Cat\u00f3lica de R\u00e1dio (RCR), que possui mais de 230 emissoras de afiliadas.\u00a0<\/span><\/p>\n<p style=\"text-align: justify\"><span style=\"line-height: 1.3em\">As produ\u00e7\u00f5es selecionadas tratam de temas atuais como a pobreza, juventude, f\u00e9, quest\u00f5es sociais, povos ind\u00edgenas, tr\u00e1fico de pessoas, entre outros.\u00a0<\/span><\/p>\n<p style=\"text-align: justify\"><strong style=\"line-height: 1.3em\">Trabalhos premiados<\/strong><\/p>\n<p style=\"text-align: justify\">1. Margarida de Prata \u2013 a) Revelando Sebasti\u00e3o Salgado, document\u00e1rio de Betse de Paula; b) Por uma quest\u00e3o de justi\u00e7a, os advogados contra ditadura, document\u00e1rio de longa-metragem de S\u00edlvio Tendler; c) Rio de F\u00e9: um encontro com Papa Francisco, document\u00e1rio de longa-metragem de Carlos Jos\u00e9 Fontes Diegues; d) \u00c0s claras, men\u00e7\u00e3o honrosa, de Evandro Lima Rodrigues e e) Remo\u00e7\u00e3o, men\u00e7\u00e3o honrosa, de Mariana Campos da Silva.<\/p>\n<p style=\"text-align: justify\">2. Clara de Assis \u2013 a) reportagem Visita do Papa Francisco ao Brasil, de Luiz Petry e Equipe, da TV Rede Globo b) O document\u00e1rio Nossa Senhora Aparecida, de Lu\u00eds Ot\u00e1vio da Silva, da TV Can\u00e7\u00e3o Nova e c) document\u00e1rio Popula\u00e7\u00f5es Vulner\u00e1veis, de Solange Calmon, da TV Senado.<\/p>\n<p style=\"text-align: justify\">3. Dom Helder C\u00e2mara de Imprensa \u2013 a) a reportagem Hist\u00f3ria de um ref\u00fagio, do jornalista Fernando Geronazzo de Souza, publicado na Revista Fam\u00edlia Crist\u00e3; b) reportagem Exclu\u00eddos \u2013 Quilombolas \/ Ind\u00edgenas \/ Ciganos, dos jornalistas Maristela Crispim, Fernando Maia, Iracema Sales e Melqu\u00edades J\u00fanior, do Jornal Di\u00e1rio do Nordeste e c) reportagem Especial \u2013 Jornada Mundial da Juventude, da jornalista J\u00falia F\u00e1tima de Jesus Cruz, do Jornal da PUC-Rio.<\/p>\n<p style=\"text-align: justify\">4. Microfone de Prata \u2013 a) categoria entretenimento, Programa &#8211; Faixa Neojiba, da R\u00e1dio Vida FM, Arquidiocese de Salvador &#8211; b) categoria jornalismo, Jornal Primeira Hora R\u00e1dio, da r\u00e1dio Rio Mar da Arquidiocese de Manaus; c) categoria religioso, &#8211; Sala Franciscana, da R\u00e1dio 9 de Julho, da Arquidiocese de S\u00e3o Paulo, d) men\u00e7\u00e3o honrosa, B\u00edblia Deus com a Gente, da Paulinas R\u00e1dio<\/p>\n","protected":false},"excerpt":{"rendered":"<p>Como parte da programa\u00e7\u00e3o da 52\u00aa Assembleia Geral dos Bispos do Brasil, \u00a0ser\u00e1 realizada hoje \u00e0 noite,\u00a01\u00ba de maio, \u00e0s 20h45, \u00a0a cerim\u00f4nia de entrega dos pr\u00eamios de comunica\u00e7\u00e3o da CNBB. Entre os mais de 50 trabalhos inscritos na edi\u00e7\u00e3o 2014, 15 obras ser\u00e3o premiadas.<\/p>\n","protected":false},"author":83,"featured_media":16212,"comment_status":"open","ping_status":"open","sticky":false,"template":"","format":"standard","meta":{"site-sidebar-layout":"default","site-content-layout":"default","ast-global-header-display":"","ast-banner-title-visibility":"","ast-main-header-display":"","ast-hfb-above-header-display":"","ast-hfb-below-header-display":"","ast-hfb-mobile-header-display":"","site-post-title":"","ast-breadcrumbs-content":"","ast-featured-img":"","footer-sml-layout":"","theme-transparent-header-meta":"","adv-header-id-meta":"","stick-header-meta":"","header-above-stick-meta":"","header-main-stick-meta":"","header-below-stick-meta":""},"categories":[748,878],"tags":[],"acf":[],"_links":{"self":[{"href":"https:\/\/www.cnbb.org.br\/cnbb-app\/wp\/v2\/posts\/16211"}],"collection":[{"href":"https:\/\/www.cnbb.org.br\/cnbb-app\/wp\/v2\/posts"}],"about":[{"href":"https:\/\/www.cnbb.org.br\/cnbb-app\/wp\/v2\/types\/post"}],"author":[{"embeddable":true,"href":"https:\/\/www.cnbb.org.br\/cnbb-app\/wp\/v2\/users\/83"}],"replies":[{"embeddable":true,"href":"https:\/\/www.cnbb.org.br\/cnbb-app\/wp\/v2\/comments?post=16211"}],"version-history":[{"count":0,"href":"https:\/\/www.cnbb.org.br\/cnbb-app\/wp\/v2\/posts\/16211\/revisions"}],"wp:featuredmedia":[{"embeddable":true,"href":"https:\/\/www.cnbb.org.br\/cnbb-app\/wp\/v2\/media\/16212"}],"wp:attachment":[{"href":"https:\/\/www.cnbb.org.br\/cnbb-app\/wp\/v2\/media?parent=16211"}],"wp:term":[{"taxonomy":"category","embeddable":true,"href":"https:\/\/www.cnbb.org.br\/cnbb-app\/wp\/v2\/categories?post=16211"},{"taxonomy":"post_tag","embeddable":true,"href":"https:\/\/www.cnbb.org.br\/cnbb-app\/wp\/v2\/tags?post=16211"}],"curies":[{"name":"wp","href":"https:\/\/api.w.org\/{rel}","templated":true}]}}