{"id":16213,"date":"2014-06-05T00:00:00","date_gmt":"2014-06-05T03:00:00","guid":{"rendered":"https:\/\/www.cnbb.org.br\/encontro-fortalece-caminhada-de-radios-catolicas\/"},"modified":"2014-06-05T00:00:00","modified_gmt":"2014-06-05T03:00:00","slug":"encontro-fortalece-caminhada-de-radios-catolicas","status":"publish","type":"post","link":"https:\/\/www.cnbb.org.br\/encontro-fortalece-caminhada-de-radios-catolicas\/","title":{"rendered":"Encontro fortalece a caminhada de r\u00e1dios cat\u00f3licas no Paran\u00e1"},"content":{"rendered":"<p>&nbsp;<\/p>\n<p class=\"MsoNormal\" style=\"text-align: justify\">\u00a0Representantes de r<span style=\"line-height: 1.3em\">\u00e1dios cat\u00f3licas do Paran\u00e1 reuniram-se em Curitiba, nos dias 20 e 21 de maio, para um momento de forma\u00e7\u00e3o e partilha. A reuni\u00e3o teve palestras e debates, com a finalidade de fortalecer a caminhada das emissoras de r\u00e1dio no Regional Sul 2 da Confer\u00eancia Nacional dos Bispos do Brasil (CNBB).<\/span><\/p>\n<p><!--more--><\/p>\n<p class=\"MsoNormal\" style=\"text-align: justify\"><span style=\"line-height: 1.3em\">A Pastoral da Comunica\u00e7\u00e3o (Pascom) do Regional, articulada pelo secret\u00e1rio executivo, padre Mario Spaki, promoveu o encontro, que teve a presen\u00e7a do bispo de Uni\u00e3o da Vit\u00f3ria (PR) e presidente do Regional, dom Jo\u00e3o Bosco Barbosa de Sousa.<\/span><\/p>\n<p class=\"MsoNormal\" style=\"text-align: justify\"><span style=\"line-height: 1.3em\">Entre os assuntos tratados no evento estavam: p<\/span><span style=\"line-height: 1.3em\">rodu\u00e7\u00e3o art\u00edstica no r\u00e1dio, \u00e1rea comercial, tecnologia e o cen\u00e1rio da radiodifus\u00e3o.\u00a0<\/span><span style=\"line-height: 1.3em\">Os participantes tamb\u00e9m abordaram a possibilidade de formar uma rede estadual com as r\u00e1dios cat\u00f3licas. \u00a0O diretor executivo da Media Opportunities, Hamilton Silva, e a vice-presidente da Rede Cat\u00f3lica de R\u00e1dio (RCR), Angela Moraes, expuseram a forma como funciona a rede em \u00e2mbito nacional e colocaram a RCR \u00e0 disposi\u00e7\u00e3o para ajudar na forma\u00e7\u00e3o dessa poss\u00edvel rede paranaense.<\/span><\/p>\n<p class=\"MsoNormal\" style=\"text-align: justify\">Outra proposta para fortalecer a caminhada das r\u00e1dios no Estado foi a ideia de se constituir uma associa\u00e7\u00e3o das emissoras. O padre M\u00e1rio Spaki orientou os representantes das emissoras sobre a necessidade de planejamento da associa\u00e7\u00e3o. \u201cVamos fazer um estudo pr\u00e9vio, ver bem as possibilidades e tudo aquilo que vai ajudar. A\u00ed sim vamos lan\u00e7ar essa associa\u00e7\u00e3o\u201d. Para o pr\u00f3ximo dia 13 de junho, sexta-feira, est\u00e1 marcada uma teleconfer\u00eancia para discuss\u00e3o do tema.<\/p>\n<p class=\"MsoNormal\" style=\"text-align: justify\">O membro da coordena\u00e7\u00e3o da Pascom no regional e jornalista da R\u00e1dio Cultura de Guarapuava (PR), Jorge Teles, recorda que o trabalho de articula\u00e7\u00e3o \u00e9 um dos eixos da Pascom. \u201cEncontros como este com os profissionais da comunica\u00e7\u00e3o s\u00f3 faz crescer a unidade e a comunh\u00e3o. Essa cultura do encontro deve fazer parte da nossa caminhada\u201d, afirmou.<\/p>\n","protected":false},"excerpt":{"rendered":"<p>&nbsp; \u00a0Representantes de r\u00e1dios cat\u00f3licas do Paran\u00e1 reuniram-se em Curitiba, nos dias 20 e 21 de maio, para um momento de forma\u00e7\u00e3o e partilha. A reuni\u00e3o teve palestras e debates, com a finalidade de fortalecer a caminhada das emissoras de r\u00e1dio no Regional Sul 2 da Confer\u00eancia Nacional dos Bispos do Brasil (CNBB).<\/p>\n","protected":false},"author":83,"featured_media":16214,"comment_status":"open","ping_status":"open","sticky":false,"template":"","format":"standard","meta":{"site-sidebar-layout":"default","site-content-layout":"default","ast-global-header-display":"","ast-banner-title-visibility":"","ast-main-header-display":"","ast-hfb-above-header-display":"","ast-hfb-below-header-display":"","ast-hfb-mobile-header-display":"","site-post-title":"","ast-breadcrumbs-content":"","ast-featured-img":"","footer-sml-layout":"","theme-transparent-header-meta":"","adv-header-id-meta":"","stick-header-meta":"","header-above-stick-meta":"","header-main-stick-meta":"","header-below-stick-meta":""},"categories":[748,878],"tags":[],"acf":[],"_links":{"self":[{"href":"https:\/\/www.cnbb.org.br\/cnbb-app\/wp\/v2\/posts\/16213"}],"collection":[{"href":"https:\/\/www.cnbb.org.br\/cnbb-app\/wp\/v2\/posts"}],"about":[{"href":"https:\/\/www.cnbb.org.br\/cnbb-app\/wp\/v2\/types\/post"}],"author":[{"embeddable":true,"href":"https:\/\/www.cnbb.org.br\/cnbb-app\/wp\/v2\/users\/83"}],"replies":[{"embeddable":true,"href":"https:\/\/www.cnbb.org.br\/cnbb-app\/wp\/v2\/comments?post=16213"}],"version-history":[{"count":0,"href":"https:\/\/www.cnbb.org.br\/cnbb-app\/wp\/v2\/posts\/16213\/revisions"}],"wp:featuredmedia":[{"embeddable":true,"href":"https:\/\/www.cnbb.org.br\/cnbb-app\/wp\/v2\/media\/16214"}],"wp:attachment":[{"href":"https:\/\/www.cnbb.org.br\/cnbb-app\/wp\/v2\/media?parent=16213"}],"wp:term":[{"taxonomy":"category","embeddable":true,"href":"https:\/\/www.cnbb.org.br\/cnbb-app\/wp\/v2\/categories?post=16213"},{"taxonomy":"post_tag","embeddable":true,"href":"https:\/\/www.cnbb.org.br\/cnbb-app\/wp\/v2\/tags?post=16213"}],"curies":[{"name":"wp","href":"https:\/\/api.w.org\/{rel}","templated":true}]}}