{"id":16250,"date":"2011-11-12T00:00:00","date_gmt":"2011-11-12T02:00:00","guid":{"rendered":"https:\/\/www.cnbb.org.br\/conselho-missionario-nacional-discipulado-e-congressos-missionarios\/"},"modified":"2011-11-12T00:00:00","modified_gmt":"2011-11-12T02:00:00","slug":"conselho-missionario-nacional-discipulado-e-congressos-missionarios","status":"publish","type":"post","link":"https:\/\/www.cnbb.org.br\/conselho-missionario-nacional-discipulado-e-congressos-missionarios\/","title":{"rendered":"Conselho Mission\u00e1rio Nacional discute discipulado e Congressos Mission\u00e1rios"},"content":{"rendered":"<p style=\"text-align: justify\">\u201cA comunidade dos disc\u00edpulos mission\u00e1rios s\u00e3o o sujeito geral e transversal da miss\u00e3o. A comunidade mission\u00e1ria, disc\u00edpula de Jesus Messias e mission\u00e1rio \u00e9 enviada pela comunidade eclesial para \u2018dar testemunho do amor\u2019, anunciar a chegada do Reino e assumir \u2018tarefas priorit\u00e1rias para o bem comum e a dignidade do ser humano\u2019\u201d.<\/p>\n<p><!--more--><\/p>\n<p style=\"text-align: justify\">Foi com esta afirma\u00e7\u00e3o com base no Documento de Aparecida (DAp) que o assessor teol\u00f3gico do Conselho Indigenista Mission\u00e1rio (Cimi), padre Paulo Suess, abriu as atividades da manh\u00e3 deste s\u00e1bado, 12, do Encontro anual do Conselho Mission\u00e1rio Nacional, o chamado Comin\u00e3o que este ano substitui a Assembleia Ordin\u00e1ria do Comina.<\/p>\n<p style=\"text-align: justify\">O encontro segue at\u00e9 este domingo, 13, na sede nacional das Pontif\u00edcias Obras Mission\u00e1rias (POM) e re\u00fane os coordenadores dos Conselhos Mission\u00e1rios Regionais (Comires), bispos e presidentes dos Comires, representantes da Confer\u00eancia dos Religiosos do Brasil (CRB), da Comiss\u00e3o Episcopal para a Amaz\u00f4nia e Conselho Nacional dos Leigos, representantes da imprensa mission\u00e1ria, al\u00e9m dos padres das POM, o presidente do Comina e da Comiss\u00e3o para a A\u00e7\u00e3o Mission\u00e1ria da CNBB, dom S\u00e9rgio Arthur Braschi.<\/p>\n<p style=\"text-align: justify\">A partir do tema \u201cDiscipulado mission\u00e1rio do Brasil para o mundo \u00e0 luz do Vaticano II e do magist\u00e9rio latino-americano\u201d, Suess destacou em sua exposi\u00e7\u00e3o o \u201cDiscipulado e missionariedade\u201d. De acordo com ele \u201cos disc\u00edpulos s\u00e3o aprendizes do mestre, est\u00e3o numa rela\u00e7\u00e3o de proximidade e empatia com ele, seguem seu caminho e seus ensinamentos\u201d.<\/p>\n<p style=\"text-align: justify\"><img decoding=\"async\" loading=\"lazy\" class=\" alignright size-full wp-image-12610\" style=\"float: right\" src=\"https:\/\/www.cnbb.org.br\/wp-content\/uploads\/2020\/03\/paulo_suess.jpg\" alt=\"paulo_suess\" width=\"226\" height=\"342\" \/>O te\u00f3logo tamb\u00e9m apontou algumas caracter\u00edsticas do disc\u00edpulo-mission\u00e1rio. Colocar Deus acima de sua pr\u00f3pria vida, obedecer ao chamado de Cristo e se doar ao pr\u00f3ximo s\u00e3o algumas a\u00e7\u00f5es que identificam o mission\u00e1rio, segundo ele. \u201cO que caracteriza o disc\u00edpulo \u00e9 a permanente busca de conformidade com o mestre. O disc\u00edpulo obedece ao chamado de Jesus imediatamente e, o disc\u00edpulo se torna testemunha de vida e doador da vida\u201d, sublinhou.<\/p>\n<p style=\"text-align: justify\">Tamb\u00e9m destacou a raiz da missionariedade que \u00e9 \u201ctrinit\u00e1ria, configura ensinamento hist\u00f3rico, despojamento radical e prontid\u00e3o permanente dos disc\u00edpulos para anunciar o Reino de Deus\u201d e o sujeito geral e transversal da miss\u00e3o que \u00e9 a \u201ccomunidade dos disc\u00edpulos mission\u00e1rios\u201d, disse Suess.<\/p>\n<p style=\"text-align: justify\"><strong>Mem\u00f3ria dos Congressos Mission\u00e1rios Nacionais<\/strong><\/p>\n<p style=\"text-align: justify\">A segunda parte da manh\u00e3 foi desenvolvida pelo secret\u00e1rio executivo do Comina e assessor nacional da Comiss\u00e3o Episcopal Pastoral para Anima\u00e7\u00e3o Mission\u00e1ria e Coopera\u00e7\u00e3o Intereclesial da CNBB, padre Jos\u00e9 Altevir da Silva. Sobre o 1\u00ba Congresso Mission\u00e1rio Nacional que aconteceu entre os dias 17 a 20 de julho de 2003 em Belo Horizonte (MG), Altevir relembrou que foi um momento para \u201credescobrir a miss\u00e3o atrav\u00e9s de quatro elementos: O Caminho, O Encontro, A Partilha e o Compromisso. O secret\u00e1rio tamb\u00e9m comentou que os Congressos Mission\u00e1rios Nacionais s\u00e3o realizados \u00e0 luz do Congresso Americano Mission\u00e1rio (Cam) e do Congresso Mission\u00e1rio Latino Americano (Comla).\u201cFoi um evento marcante e os pontos principais foram os fundamentos: teol\u00f3gicos, preocupados com o testemunho da Igreja hoje. Destacou os mutir\u00f5es do Congresso que possibilitou a discuss\u00e3o de palavras como identidade, voca\u00e7\u00e3o, forma\u00e7\u00e3o, convers\u00e3o\u201d, afirmou padre Altevir.J\u00e1 no 2\u00ba Congresso cujo tema foi \u201cDo Brasil de batizados ao Brasil de disc\u00edpulos-mission\u00e1rios sem fronteiras\u201d, que aconteceu em Aparecida (SP) de 1\u00ba a 4 de maio de 2008, seu fundamento principal foi \u201cobservar os princ\u00edpios mission\u00e1rios presente no Documento de Aparecida\u00a0 e passar de um pa\u00eds apenas de batizados para uma Igreja disc\u00edpula e mission\u00e1ria de Jesus Cristo\u201d, pontuou Jos\u00e9 Altevir. O 3\u00ba por sua vez, que ser\u00e1 realizado de 12 a 15 de julho de 2012, tamb\u00e9m tem como fundamento o Cam4\/Comla9 que ser\u00e1 realizado em 2013 na Venezuela. Desta vez o Congresso brasileiro reflete o tema \u201cDiscipulado Mission\u00e1rio do Brasil para o mundo \u00e0 luz do Vaticano II\u201d.<\/p>\n<p style=\"text-align: justify\">\u201cNesta edi\u00e7\u00e3o vamos destacar as grandes colabora\u00e7\u00f5es e linhas mission\u00e1rias que o Vaticano II nos mostrou e que ainda n\u00e3o aterrissaram em nossa Igreja de maneira geral, especialmente na miss\u00e3o al\u00e9m-fronteiras que \u00e9 a identidade da Igreja\u201d, completou Altevir.<\/p>\n<p style=\"text-align: justify\"><strong>\u201cEfervesc\u00eancia Mission\u00e1ria\u201d<\/strong><\/p>\n<p style=\"text-align: justify\">Para o diretor nacional das POM, padre Camilo Pauletti, o Comin\u00e3o reflete o ardor mission\u00e1rio que vive a Igreja no Brasil hoje. \u201cTemos no Brasil um efervescer da dimens\u00e3o mission\u00e1ria, colocando-a em estado permanente de miss\u00e3o, por isso a organiza\u00e7\u00e3o dos Conselhos Mission\u00e1rios Regionais, diocesanos e paroquiais assim como em n\u00edvel nacional nos ajudam a entrar nesse foco da dimens\u00e3o mission\u00e1ria por isso \u00e9 importante a gente se organizar, se fortalecer, buscar luzes que o Vaticano II que completa 50 anos. Ele \u00e9 uma fonte que precisa ser retomada porque ali h\u00e1 um esp\u00edrito mission\u00e1rio muito forte que nos ajuda a retomar a caminhada mission\u00e1ria\u201d, disse o diretor.<\/p>\n","protected":false},"excerpt":{"rendered":"<p>\u201cA comunidade dos disc\u00edpulos mission\u00e1rios s\u00e3o o sujeito geral e transversal da miss\u00e3o. A comunidade mission\u00e1ria, disc\u00edpula de Jesus Messias e mission\u00e1rio \u00e9 enviada pela comunidade eclesial para \u2018dar testemunho do amor\u2019, anunciar a chegada do Reino e assumir \u2018tarefas priorit\u00e1rias para o bem comum e a dignidade do ser humano\u2019\u201d.<\/p>\n","protected":false},"author":83,"featured_media":16251,"comment_status":"open","ping_status":"open","sticky":false,"template":"","format":"standard","meta":{"site-sidebar-layout":"default","site-content-layout":"default","ast-global-header-display":"","ast-banner-title-visibility":"","ast-main-header-display":"","ast-hfb-above-header-display":"","ast-hfb-below-header-display":"","ast-hfb-mobile-header-display":"","site-post-title":"","ast-breadcrumbs-content":"","ast-featured-img":"","footer-sml-layout":"","theme-transparent-header-meta":"","adv-header-id-meta":"","stick-header-meta":"","header-above-stick-meta":"","header-main-stick-meta":"","header-below-stick-meta":""},"categories":[834,744],"tags":[],"acf":[],"_links":{"self":[{"href":"https:\/\/www.cnbb.org.br\/cnbb-app\/wp\/v2\/posts\/16250"}],"collection":[{"href":"https:\/\/www.cnbb.org.br\/cnbb-app\/wp\/v2\/posts"}],"about":[{"href":"https:\/\/www.cnbb.org.br\/cnbb-app\/wp\/v2\/types\/post"}],"author":[{"embeddable":true,"href":"https:\/\/www.cnbb.org.br\/cnbb-app\/wp\/v2\/users\/83"}],"replies":[{"embeddable":true,"href":"https:\/\/www.cnbb.org.br\/cnbb-app\/wp\/v2\/comments?post=16250"}],"version-history":[{"count":0,"href":"https:\/\/www.cnbb.org.br\/cnbb-app\/wp\/v2\/posts\/16250\/revisions"}],"wp:featuredmedia":[{"embeddable":true,"href":"https:\/\/www.cnbb.org.br\/cnbb-app\/wp\/v2\/media\/16251"}],"wp:attachment":[{"href":"https:\/\/www.cnbb.org.br\/cnbb-app\/wp\/v2\/media?parent=16250"}],"wp:term":[{"taxonomy":"category","embeddable":true,"href":"https:\/\/www.cnbb.org.br\/cnbb-app\/wp\/v2\/categories?post=16250"},{"taxonomy":"post_tag","embeddable":true,"href":"https:\/\/www.cnbb.org.br\/cnbb-app\/wp\/v2\/tags?post=16250"}],"curies":[{"name":"wp","href":"https:\/\/api.w.org\/{rel}","templated":true}]}}