{"id":16256,"date":"2012-07-04T00:00:00","date_gmt":"2012-07-04T03:00:00","guid":{"rendered":"https:\/\/www.cnbb.org.br\/igreja-em-estado-permanente-de-missao-e-tema-de-curso-no-ccm\/"},"modified":"2012-07-04T00:00:00","modified_gmt":"2012-07-04T03:00:00","slug":"igreja-em-estado-permanente-de-missao-e-tema-de-curso-no-ccm","status":"publish","type":"post","link":"https:\/\/www.cnbb.org.br\/igreja-em-estado-permanente-de-missao-e-tema-de-curso-no-ccm\/","title":{"rendered":"\u201cIgreja em estado permanente de miss\u00e3o\u201d \u00e9 tema de curso no CCM"},"content":{"rendered":"<div style=\"text-align: justify\">Cerca de 40 presb\u00edteros e seminaristas participaram do curso de Teologia e Espiritualidade Mission\u00e1ria, no Centro Cultural Mission\u00e1rio (CCM) em Bras\u00edlia, desde o dia 1\u00ba de julho e at\u00e9 s\u00e1bado, 7. A proposta de reflex\u00e3o para os participantes aborda a teologia e a espiritualidade mission\u00e1ria, a partir de quest\u00f5es fundamentais que fortale\u00e7am a consci\u00eancia mission\u00e1ria, inculturada e com horizonte universal.<\/div>\n<div style=\"text-align: justify\"><\/div>\n<p><!--more--><\/p>\n<div style=\"text-align: justify\">\n<p>A iniciativa do curso \u00e9 do CCM em parceria com as Pontif\u00edcias Obras Mission\u00e1rias (POM. Nesta ter\u00e7a-feira, 3, os participantes estudaram os \u201cContextos e desafios para uma Igreja em estado permanente de Miss\u00e3o\u201d, com assessoria de Roberto Marinucci, professor do Instituto S\u00e3o Boaventura de Bras\u00edlia. Ele deu destaque \u00e0 necessidade de atualiza\u00e7\u00e3o dos seminaristas e sacerdotes quanto \u00e0 forte mudan\u00e7a de \u00e9poca por que passa o mundo. As estrat\u00e9gias, segundo ele, s\u00e3o os melhores caminhos a serem pensados para que o trabalho mission\u00e1rio d\u00ea certo.<\/p>\n<p><img decoding=\"async\" loading=\"lazy\" class=\" alignleft size-full wp-image-15314\" style=\"float: left\" title=\"Fernando Paulo, seminarista da Arquidiocese de Mariana (MG)\" src=\"https:\/\/www.cnbb.org.br\/wp-content\/uploads\/2020\/03\/fernandopauloseminarista.jpg\" alt=\"fernandopauloseminarista\" width=\"224\" height=\"286\" \/>Para o seminarista Fernando Paulo, do semin\u00e1rio Arquidiocesano de Mariana (MG), a forma\u00e7\u00e3o ser\u00e1 importante para impulsionar o trabalho no Conselho Mission\u00e1rio dos Seminaristas (Comise) de sua arquidiocese. \u201cA dimens\u00e3o mission\u00e1ria me chama e me encanta, mas ela tamb\u00e9m me d\u00e1 medo por causa de algumas situa\u00e7\u00f5es, como exemplo, o sentimento de impot\u00eancia diante de algumas realidades. Essa forma\u00e7\u00e3o est\u00e1 me ajudando a entender de maneira concreta os passos que devo d\u00e1\u201d, sublinhou.<\/p>\n<p>O padre Onac Oxenat \u00e9 mission\u00e1rio haitiano. Est\u00e1 no Brasil h\u00e1 um ano e seis meses, e atua em Rio Branco (AC). Para ele, o curso est\u00e1 sendo um momento de ajuda e amadurecimento. \u201c\u00c9 um momento de descoberta de diversos elementos da miss\u00e3o, sobretudo, a partir do Documento de Aparecida que nos ensina que precisamos aprofundar esse aspecto essencial da Igreja\u201d.<img decoding=\"async\" loading=\"lazy\" class=\" alignright size-full wp-image-15315\" style=\"float: right\" title=\"Padre Onac, do Haiti, \u00e9 mission\u00e1rio no Acre\" src=\"https:\/\/www.cnbb.org.br\/wp-content\/uploads\/2020\/03\/padreonachaiti.jpg\" alt=\"padreonachaiti\" width=\"200\" height=\"302\" \/><br \/>\n<strong>Programa\u00e7\u00e3o<\/strong><\/p>\n<p>Nesta quarta-feira, 4, os participantes tiveram o estudo do tema \u201cCaminhos e caminhantes para uma Igreja em estado permanente de miss\u00e3o\u201d, com assessoria do padre Elias Wolff, assessor da Comiss\u00e3o Episcopal para o Ecumenismo e Di\u00e1logo Inter-religioso da CNBB. Na quinta-feira, 5, o assessor da Comiss\u00e3o Episcopal para o Laicato da CNBB (Setor CEBs), professor S\u00e9rgio Coutinho, vai tratar do tema \u201cMem\u00f3rias e compromissos para uma Igreja em estado permanente de miss\u00e3o\u201d.<\/p>\n<p>Na sexta-feira, 6, ser\u00e1 a vez do secret\u00e1rio da Pontif\u00edcia Uni\u00e3o Mission\u00e1ria, padre S\u00e1vio Corinaldesi, tratar das \u201cExig\u00eancias e condi\u00e7\u00f5es para uma Igreja em estado permanente de miss\u00e3o\u201d e dos elementos e fundamentos para uma espiritualidade mission\u00e1ria sem fronteiras. No s\u00e1bado acontece o encerramento do curso com s\u00edntese, conclus\u00f5es, compromisso e envio.<\/p>\n<\/div>\n","protected":false},"excerpt":{"rendered":"<p>Cerca de 40 presb\u00edteros e seminaristas participaram do curso de Teologia e Espiritualidade Mission\u00e1ria, no Centro Cultural Mission\u00e1rio (CCM) em Bras\u00edlia, desde o dia 1\u00ba de julho e at\u00e9 s\u00e1bado, 7. A proposta de reflex\u00e3o para os participantes aborda a teologia e a espiritualidade mission\u00e1ria, a partir de quest\u00f5es fundamentais que fortale\u00e7am a consci\u00eancia mission\u00e1ria, &hellip;<\/p>\n<p class=\"read-more\"> <a class=\"\" href=\"https:\/\/www.cnbb.org.br\/igreja-em-estado-permanente-de-missao-e-tema-de-curso-no-ccm\/\"> <span class=\"screen-reader-text\">\u201cIgreja em estado permanente de miss\u00e3o\u201d \u00e9 tema de curso no CCM<\/span> Leia mais &raquo;<\/a><\/p>\n","protected":false},"author":83,"featured_media":16257,"comment_status":"open","ping_status":"open","sticky":false,"template":"","format":"standard","meta":{"site-sidebar-layout":"default","site-content-layout":"default","ast-global-header-display":"","ast-banner-title-visibility":"","ast-main-header-display":"","ast-hfb-above-header-display":"","ast-hfb-below-header-display":"","ast-hfb-mobile-header-display":"","site-post-title":"","ast-breadcrumbs-content":"","ast-featured-img":"","footer-sml-layout":"","theme-transparent-header-meta":"","adv-header-id-meta":"","stick-header-meta":"","header-above-stick-meta":"","header-main-stick-meta":"","header-below-stick-meta":""},"categories":[834,744],"tags":[],"acf":[],"_links":{"self":[{"href":"https:\/\/www.cnbb.org.br\/cnbb-app\/wp\/v2\/posts\/16256"}],"collection":[{"href":"https:\/\/www.cnbb.org.br\/cnbb-app\/wp\/v2\/posts"}],"about":[{"href":"https:\/\/www.cnbb.org.br\/cnbb-app\/wp\/v2\/types\/post"}],"author":[{"embeddable":true,"href":"https:\/\/www.cnbb.org.br\/cnbb-app\/wp\/v2\/users\/83"}],"replies":[{"embeddable":true,"href":"https:\/\/www.cnbb.org.br\/cnbb-app\/wp\/v2\/comments?post=16256"}],"version-history":[{"count":0,"href":"https:\/\/www.cnbb.org.br\/cnbb-app\/wp\/v2\/posts\/16256\/revisions"}],"wp:featuredmedia":[{"embeddable":true,"href":"https:\/\/www.cnbb.org.br\/cnbb-app\/wp\/v2\/media\/16257"}],"wp:attachment":[{"href":"https:\/\/www.cnbb.org.br\/cnbb-app\/wp\/v2\/media?parent=16256"}],"wp:term":[{"taxonomy":"category","embeddable":true,"href":"https:\/\/www.cnbb.org.br\/cnbb-app\/wp\/v2\/categories?post=16256"},{"taxonomy":"post_tag","embeddable":true,"href":"https:\/\/www.cnbb.org.br\/cnbb-app\/wp\/v2\/tags?post=16256"}],"curies":[{"name":"wp","href":"https:\/\/api.w.org\/{rel}","templated":true}]}}