{"id":16259,"date":"2012-08-08T00:00:00","date_gmt":"2012-08-08T03:00:00","guid":{"rendered":"https:\/\/www.cnbb.org.br\/assessores-da-cnbb-quem-sao-e-o-que-fazem\/"},"modified":"2012-08-08T00:00:00","modified_gmt":"2012-08-08T03:00:00","slug":"assessores-da-cnbb-quem-sao-e-o-que-fazem","status":"publish","type":"post","link":"https:\/\/www.cnbb.org.br\/assessores-da-cnbb-quem-sao-e-o-que-fazem\/","title":{"rendered":"Assessores da CNBB. Quem s\u00e3o e o que fazem?"},"content":{"rendered":"<p style=\"text-align: justify\">A irm\u00e3 Maria Irene Lopes dos Santos \u00e9 assessora da CNBB. Ela faz parte de um grupo formado por sacerdotes, religiosos, religiosas e leigos que servem ao Secretariado Geral e \u00e0s comiss\u00f5es\u00a0 episcopais de pastoral.\u00a0 A maioria reside em Bras\u00edlia (DF) e presta servi\u00e7os com tempo integral e exclusivo na realiza\u00e7\u00e3o dos projetos de ajuda para os regionais e dioceses. Esse grupo convive na sede da Confer\u00eancia e re\u00fane-se, regularmente, com os bispos que comp\u00f5em as comiss\u00f5es seguindo as orienta\u00e7\u00f5es deles.<\/p>\n<p><!--more--><\/p>\n<p style=\"text-align: justify\">Os assessores, obedecendo indica\u00e7\u00f5es dos bispos de cada comiss\u00e3o episcopal, coordenam a elabora\u00e7\u00e3o e execu\u00e7\u00e3o de projetos de forma\u00e7\u00e3o e de mobiliza\u00e7\u00e3o pastoral em todo o Brasil. Ir. Irene, por exemplo, acompanha os eventos realizados em favor da anima\u00e7\u00e3o pastoral da regi\u00e3o que tem merecido aten\u00e7\u00e3o especial da Igreja em todo o Brasil.<\/p>\n<p style=\"text-align: justify\">No in\u00edcio do m\u00eas passado, na cidade de Santar\u00e9m (PA), os bispos da regi\u00e3o amaz\u00f4nica, o secret\u00e1rio geral da CNBB, acompanhados pelo Cardeal Claudio Hummes se reuniram com representantes do povo de todas as dioceses da regi\u00e3o promoveram um encontro de avalia\u00e7\u00e3o e celebra\u00e7\u00e3o da caminhada da Igreja. Ir. Irene esteve presente em todas as fases do evento. Desde a formula\u00e7\u00e3o da proposta, passando pelos\u00a0 encaminhamentos que inclui provid\u00eancias em rela\u00e7\u00e3o ao conte\u00fado dos eventos e da organiza\u00e7\u00e3o da estrutura, at\u00e9 coordena\u00e7\u00e3o geral durante o evento dando assist\u00eancia aos bispos e aos outros participantes.<\/p>\n<p style=\"text-align: justify\">Ir. Irene, como os outros assessores das comiss\u00f5es episcopais, tamb\u00e9m tem rotina plena com contatos, articula\u00e7\u00f5es e prepara\u00e7\u00e3o de material no dia a dia do trabalho realizado no escrit\u00f3rio da sede da CNBB. Al\u00e9m disso, a assessora tamb\u00e9m faz os contatos necess\u00e1rios para a garantir a a\u00e7\u00e3o em conjunto com as outras comiss\u00f5es episcopais e atende aos pedidos da imprensa que se interessa por assuntos da Amaz\u00f4nia, mediante indica\u00e7\u00e3o do secret\u00e1rio geral.<\/p>\n<p style=\"text-align: justify\">O trabalho o assessor inclui ainda a participa\u00e7\u00e3o em grandes eventos nacionais promovidos pela Confer\u00eancia ou como representante dela em comiss\u00f5es, grupos ou comitivas formadas por outras organiza\u00e7\u00f5es da sociedade civil. Em situa\u00e7\u00f5es particulares, tamb\u00e9m cabe \u00e0 assessoria acompanhar os bispos de suas respectivas comiss\u00f5es em celebra\u00e7\u00f5es ou encontros para os quais a comiss\u00e3o foi convidada. Cabe, por fim, ao assessor esbo\u00e7ar, acompanhar a prova\u00e7\u00e3o e controlar a execu\u00e7\u00e3o dos projetos especiais que s\u00e3o usados com o apoio de recursos externos e que exigem detalhado trabalho de exposi\u00e7\u00e3o de motiva\u00e7\u00f5es, coleta de informa\u00e7\u00f5es sobre o impacto da realiza\u00e7\u00e3o desses encontros no interior das dioceses.<\/p>\n<p style=\"text-align: justify\">Al\u00e9m daqueles que est\u00e3o nas comiss\u00f5es episcopais pastorais, h\u00e1 assessores que est\u00e3o ligados diretamente \u00e0 secretaria geral ou a organismos correlatos ou vinculados \u00e0 CNBB. Internamente, eles se organizam por meio de encontros frequentes que s\u00e3o denominados de \u201cGA\u201d nos quais s\u00e3o feitos aprofundamentos de temas gerais, conv\u00edvio fraterno e articula\u00e7\u00e3o do trabalho de todo o conjunto da a\u00e7\u00e3o evangelizadora da Igreja no Brasil.<\/p>\n<p style=\"text-align: justify\">Veja a lista dos atuais assessores da CNBB:<\/p>\n<p style=\"text-align: justify\">Comiss\u00e3o Episcopal para Amaz\u00f4nia<br \/>\nIr. Maria Irene Lopes dos Santos<\/p>\n<p style=\"text-align: justify\">Comiss\u00e3o Episcopal Pastoral para os Minist\u00e9rios Ordenados e a Vida Consagrada<br \/>\nPe. Deusmar Jesus da Silva<br \/>\nPe. Valdecir Ferreira<\/p>\n<p style=\"text-align: justify\">Comiss\u00e3o Episcopal Pastoral para o Laicato<br \/>\nProf. Ant\u00f4nio Geraldo Aguiar<br \/>\nProf. S\u00e9rgio Ricardo Coutinho<\/p>\n<p style=\"text-align: justify\">Comiss\u00e3o Episcopal Pastoral para A\u00e7\u00e3o Mission\u00e1ria e a Coopera\u00e7\u00e3o Intereclesial<br \/>\nIr. Dirce Gomes da Silva<\/p>\n<p style=\"text-align: justify\">Comiss\u00e3o Episcopal Pastoral para a Anima\u00e7\u00e3o b\u00edblico-catequ\u00e9tica<br \/>\nMaria Cec\u00edlia Rover<br \/>\nPe. D\u00e9cio Jos\u00e9 Walker<\/p>\n<p style=\"text-align: justify\">Comiss\u00e3o Episcopal Pastoral para a Doutrina da F\u00e9<br \/>\nPe. Ant\u00f4nio Luiz Catelan Ferreira<\/p>\n<p style=\"text-align: justify\">Comiss\u00e3o Episcopal Pastoral para a Liturgia<br \/>\nPe. Jos\u00e9 Carlos Sala<br \/>\nPe. Hernaldo Pinto Farias<\/p>\n<p style=\"text-align: justify\">Comiss\u00e3o Episcopal Pastoral para o Ecumenismo e o Di\u00e1logo Inter-religioso<br \/>\nPe. Elias Wolff<\/p>\n<p style=\"text-align: justify\">Comiss\u00e3o Episcopal Pastoral para o Servi\u00e7o da Caridade, da Justi\u00e7a e da Paz<br \/>\nPe. Ari Ant\u00f4nio dos Reis<br \/>\nPe. Nelito Dornelas<\/p>\n<p style=\"text-align: justify\">Comiss\u00e3o Episcopal Pastoral para a Educa\u00e7\u00e3o e Cultura<br \/>\nIr. Maria Eug\u00eania Lloris Aguado<br \/>\nProf\u00aa. An\u00edsia de P. Figueiredo<br \/>\nProf. Cesar Leandro Ribeiro<\/p>\n<p style=\"text-align: justify\">Comiss\u00e3o Episcopal Pastoral para a Vida e Fam\u00edlia<br \/>\nPe. Rafael Fornasier<br \/>\nPe. Wladimir Porreca<\/p>\n<p style=\"text-align: justify\">Comiss\u00e3o Episcopal Pastoral para a Comunica\u00e7\u00e3o Social<br \/>\nIr. Elide Maria Fogolari<br \/>\nPe. Cl\u00f3vis Andrade Melo<\/p>\n<p style=\"text-align: justify\">Comiss\u00e3o Episcopal Pastoral para a Juventude<br \/>\nPe. Carlos S\u00e1vio<br \/>\nPe. Antonio\u00a0 Ramos do Prado<\/p>\n","protected":false},"excerpt":{"rendered":"<p>A irm\u00e3 Maria Irene Lopes dos Santos \u00e9 assessora da CNBB. Ela faz parte de um grupo formado por sacerdotes, religiosos, religiosas e leigos que servem ao Secretariado Geral e \u00e0s comiss\u00f5es\u00a0 episcopais de pastoral.\u00a0 A maioria reside em Bras\u00edlia (DF) e presta servi\u00e7os com tempo integral e exclusivo na realiza\u00e7\u00e3o dos projetos de ajuda &hellip;<\/p>\n<p class=\"read-more\"> <a class=\"\" href=\"https:\/\/www.cnbb.org.br\/assessores-da-cnbb-quem-sao-e-o-que-fazem\/\"> <span class=\"screen-reader-text\">Assessores da CNBB. Quem s\u00e3o e o que fazem?<\/span> Leia mais &raquo;<\/a><\/p>\n","protected":false},"author":83,"featured_media":16260,"comment_status":"open","ping_status":"open","sticky":false,"template":"","format":"standard","meta":{"site-sidebar-layout":"default","site-content-layout":"default","ast-global-header-display":"","ast-banner-title-visibility":"","ast-main-header-display":"","ast-hfb-above-header-display":"","ast-hfb-below-header-display":"","ast-hfb-mobile-header-display":"","site-post-title":"","ast-breadcrumbs-content":"","ast-featured-img":"","footer-sml-layout":"","theme-transparent-header-meta":"","adv-header-id-meta":"","stick-header-meta":"","header-above-stick-meta":"","header-main-stick-meta":"","header-below-stick-meta":""},"categories":[834,744],"tags":[],"acf":[],"_links":{"self":[{"href":"https:\/\/www.cnbb.org.br\/cnbb-app\/wp\/v2\/posts\/16259"}],"collection":[{"href":"https:\/\/www.cnbb.org.br\/cnbb-app\/wp\/v2\/posts"}],"about":[{"href":"https:\/\/www.cnbb.org.br\/cnbb-app\/wp\/v2\/types\/post"}],"author":[{"embeddable":true,"href":"https:\/\/www.cnbb.org.br\/cnbb-app\/wp\/v2\/users\/83"}],"replies":[{"embeddable":true,"href":"https:\/\/www.cnbb.org.br\/cnbb-app\/wp\/v2\/comments?post=16259"}],"version-history":[{"count":0,"href":"https:\/\/www.cnbb.org.br\/cnbb-app\/wp\/v2\/posts\/16259\/revisions"}],"wp:featuredmedia":[{"embeddable":true,"href":"https:\/\/www.cnbb.org.br\/cnbb-app\/wp\/v2\/media\/16260"}],"wp:attachment":[{"href":"https:\/\/www.cnbb.org.br\/cnbb-app\/wp\/v2\/media?parent=16259"}],"wp:term":[{"taxonomy":"category","embeddable":true,"href":"https:\/\/www.cnbb.org.br\/cnbb-app\/wp\/v2\/categories?post=16259"},{"taxonomy":"post_tag","embeddable":true,"href":"https:\/\/www.cnbb.org.br\/cnbb-app\/wp\/v2\/tags?post=16259"}],"curies":[{"name":"wp","href":"https:\/\/api.w.org\/{rel}","templated":true}]}}