{"id":16263,"date":"2012-08-31T00:00:00","date_gmt":"2012-08-31T03:00:00","guid":{"rendered":"https:\/\/www.cnbb.org.br\/mensagem-aos-presbiteros-reunidos-em-curso-de-formacao-permanente\/"},"modified":"2012-08-31T00:00:00","modified_gmt":"2012-08-31T03:00:00","slug":"mensagem-aos-presbiteros-reunidos-em-curso-de-formacao-permanente","status":"publish","type":"post","link":"https:\/\/www.cnbb.org.br\/mensagem-aos-presbiteros-reunidos-em-curso-de-formacao-permanente\/","title":{"rendered":"Mensagem aos presb\u00edteros, reunidos em curso de forma\u00e7\u00e3o permanente"},"content":{"rendered":"<p>&nbsp;<\/p>\n<div style=\"text-align: center\"><strong>MENSAGEM AOS PRESB\u00cdTEROS, REUNIDOS EM CURSO<br \/>\nDE FORMA\u00c7\u00c3O PERMANENTE<\/strong><\/div>\n<p><em>\u201cEscolhidos entre os homens e constitu\u00eddos em favor da humanidade\u201d (cf. Hb 5, 1).<\/em><\/p>\n<div style=\"text-align: justify\">O Conselho Episcopal Pastoral (CONSEP) da Confer\u00eancia Nacional dos Bispos do Brasil \u2013 CNBB, reunido entre os dias 28 a 30 de agosto de 2012, acompanha os presb\u00edteros dos Regionais Centro Oeste, Sul 2 e Noroeste, bem como os dos demais Regionais que se encontram no processo de conviv\u00eancia e de forma\u00e7\u00e3o permanente anuais.<\/div>\n<div style=\"text-align: justify\"><\/div>\n<p><!--more--><\/p>\n<div style=\"text-align: justify\">\n<p>Pelo sacramento da ordem, voc\u00eas presb\u00edteros, s\u00e3o configurados, de modo especial, a Jesus Cristo Pastor. S\u00e3o chamados a serem homens da miseric\u00f3rdia e da compaix\u00e3o, pr\u00f3ximos ao povo e servidores de todos, particularmente dos que sofrem grandes necessidades. Assim voc\u00eas se tornam mestres da Palavra, ministros dos Sacramentos e guias da Comunidade, tendo em voc\u00eas mesmos um novo g\u00eanero de vida, que os une a Cristo com um v\u00ednculo original, inef\u00e1vel e irrevers\u00edvel e os habilita a agir \u201cin persona Christi\u201d (Cf. PDV, 15).<\/p>\n<p>Diletos presb\u00edteros, \u201ca voca\u00e7\u00e3o ao discipulado mission\u00e1rio \u00e9 con-voca\u00e7\u00e3o \u00e0 comunh\u00e3o na Igreja\u201d (DAp, 156). Por isso, voc\u00eas s\u00e3o protagonistas na \u201cna forma\u00e7\u00e3o de leigos mission\u00e1rios. S\u00f3 atrav\u00e9s da multiplica\u00e7\u00e3o deles poderemos chegar \u00e0s exig\u00eancias mission\u00e1rias do momento atual\u201d (DAp, 174). Neste sentido, a forma\u00e7\u00e3o permanente deve capacit\u00e1-los para responderem aos novos desafios pastorais, preocupando-se com a forma\u00e7\u00e3o dos presb\u00edteros para os grandes centros urbanos, periferias, grupos de espiritualidades, meios de comunica\u00e7\u00e3o social, novos are\u00f3pagos e centros de decis\u00f5es.<\/p>\n<p>Unimo-nos a cada um de voc\u00eas, neste momento de forma\u00e7\u00e3o. Que Nossa Senhora os ajude em sua miss\u00e3o de acolher o chamamento do Senhor em cada momento.<\/p>\n<\/div>\n<div style=\"text-align: center\">\n<div style=\"text-align: justify\"><em><strong><span class=\"fs2\" style=\"font-size: 12pt\"> Cardeal Raymundo Damasceno de Assis\u00a0\u00a0\u00a0\u00a0\u00a0\u00a0\u00a0\u00a0\u00a0\u00a0\u00a0\u00a0\u00a0\u00a0\u00a0\u00a0\u00a0\u00a0\u00a0\u00a0\u00a0\u00a0\u00a0\u00a0\u00a0\u00a0\u00a0\u00a0\u00a0\u00a0\u00a0\u00a0\u00a0\u00a0\u00a0\u00a0\u00a0\u00a0\u00a0\u00a0\u00a0\u00a0\u00a0\u00a0 Dom Jos\u00e9 Belis\u00e1rio da Silva<\/span><\/strong><\/em><\/div>\n<p><em><strong><span class=\"fs2\" style=\"font-size: 12pt\">Arcebispo de Aparecida\u00a0\u00a0\u00a0\u00a0\u00a0\u00a0\u00a0\u00a0\u00a0\u00a0\u00a0\u00a0\u00a0\u00a0\u00a0\u00a0\u00a0\u00a0\u00a0\u00a0\u00a0\u00a0\u00a0\u00a0\u00a0\u00a0\u00a0\u00a0\u00a0\u00a0\u00a0\u00a0\u00a0\u00a0\u00a0\u00a0\u00a0\u00a0\u00a0\u00a0\u00a0\u00a0\u00a0\u00a0\u00a0\u00a0\u00a0\u00a0\u00a0\u00a0\u00a0\u00a0\u00a0\u00a0\u00a0\u00a0\u00a0\u00a0\u00a0\u00a0\u00a0\u00a0\u00a0\u00a0 Arcebispo de S\u00e3o Luis<\/span><\/strong><\/em><br \/>\n<em><strong><span class=\"fs2\" style=\"font-size: 12pt\"> Presidente da CNBB\u00a0\u00a0\u00a0\u00a0\u00a0\u00a0\u00a0\u00a0\u00a0\u00a0\u00a0\u00a0\u00a0\u00a0\u00a0\u00a0\u00a0\u00a0\u00a0\u00a0\u00a0\u00a0\u00a0\u00a0\u00a0\u00a0\u00a0\u00a0\u00a0\u00a0\u00a0\u00a0\u00a0\u00a0\u00a0\u00a0\u00a0\u00a0\u00a0\u00a0\u00a0\u00a0\u00a0\u00a0\u00a0\u00a0\u00a0\u00a0\u00a0\u00a0 \u00a0 \u00a0 \u00a0 \u00a0 \u00a0 \u00a0 Vice Presidente da CNBB <\/span><\/strong><\/em><\/p>\n<\/div>\n<div style=\"text-align: center\"><\/div>\n<div style=\"text-align: center\"><em><strong>Dom Leonardo Ulrich Steiner<br \/>\nBispo Auxiliar de Bras\u00edlia<br \/>\nSecret\u00e1rio Geral da CNBB<\/strong><\/em><\/div>\n","protected":false},"excerpt":{"rendered":"<p>&nbsp; MENSAGEM AOS PRESB\u00cdTEROS, REUNIDOS EM CURSO DE FORMA\u00c7\u00c3O PERMANENTE \u201cEscolhidos entre os homens e constitu\u00eddos em favor da humanidade\u201d (cf. Hb 5, 1). O Conselho Episcopal Pastoral (CONSEP) da Confer\u00eancia Nacional dos Bispos do Brasil \u2013 CNBB, reunido entre os dias 28 a 30 de agosto de 2012, acompanha os presb\u00edteros dos Regionais Centro &hellip;<\/p>\n<p class=\"read-more\"> <a class=\"\" href=\"https:\/\/www.cnbb.org.br\/mensagem-aos-presbiteros-reunidos-em-curso-de-formacao-permanente\/\"> <span class=\"screen-reader-text\">Mensagem aos presb\u00edteros, reunidos em curso de forma\u00e7\u00e3o permanente<\/span> Leia mais &raquo;<\/a><\/p>\n","protected":false},"author":83,"featured_media":6771,"comment_status":"open","ping_status":"open","sticky":false,"template":"","format":"standard","meta":{"site-sidebar-layout":"default","site-content-layout":"default","ast-global-header-display":"","ast-banner-title-visibility":"","ast-main-header-display":"","ast-hfb-above-header-display":"","ast-hfb-below-header-display":"","ast-hfb-mobile-header-display":"","site-post-title":"","ast-breadcrumbs-content":"","ast-featured-img":"","footer-sml-layout":"","theme-transparent-header-meta":"","adv-header-id-meta":"","stick-header-meta":"","header-above-stick-meta":"","header-main-stick-meta":"","header-below-stick-meta":""},"categories":[834,744],"tags":[],"acf":[],"_links":{"self":[{"href":"https:\/\/www.cnbb.org.br\/cnbb-app\/wp\/v2\/posts\/16263"}],"collection":[{"href":"https:\/\/www.cnbb.org.br\/cnbb-app\/wp\/v2\/posts"}],"about":[{"href":"https:\/\/www.cnbb.org.br\/cnbb-app\/wp\/v2\/types\/post"}],"author":[{"embeddable":true,"href":"https:\/\/www.cnbb.org.br\/cnbb-app\/wp\/v2\/users\/83"}],"replies":[{"embeddable":true,"href":"https:\/\/www.cnbb.org.br\/cnbb-app\/wp\/v2\/comments?post=16263"}],"version-history":[{"count":0,"href":"https:\/\/www.cnbb.org.br\/cnbb-app\/wp\/v2\/posts\/16263\/revisions"}],"wp:featuredmedia":[{"embeddable":true,"href":"https:\/\/www.cnbb.org.br\/cnbb-app\/wp\/v2\/media\/6771"}],"wp:attachment":[{"href":"https:\/\/www.cnbb.org.br\/cnbb-app\/wp\/v2\/media?parent=16263"}],"wp:term":[{"taxonomy":"category","embeddable":true,"href":"https:\/\/www.cnbb.org.br\/cnbb-app\/wp\/v2\/categories?post=16263"},{"taxonomy":"post_tag","embeddable":true,"href":"https:\/\/www.cnbb.org.br\/cnbb-app\/wp\/v2\/tags?post=16263"}],"curies":[{"name":"wp","href":"https:\/\/api.w.org\/{rel}","templated":true}]}}