{"id":16267,"date":"2012-10-30T00:00:00","date_gmt":"2012-10-30T02:00:00","guid":{"rendered":"https:\/\/www.cnbb.org.br\/ministra-do-desenvolvimento-social-participa-de-reuniao-do-conselho-permanente\/"},"modified":"2012-10-30T00:00:00","modified_gmt":"2012-10-30T02:00:00","slug":"ministra-do-desenvolvimento-social-participa-de-reuniao-do-conselho-permanente","status":"publish","type":"post","link":"https:\/\/www.cnbb.org.br\/ministra-do-desenvolvimento-social-participa-de-reuniao-do-conselho-permanente\/","title":{"rendered":"Ministra do Desenvolvimento Social participa de reuni\u00e3o do Conselho Permanente"},"content":{"rendered":"<p style=\"text-align: justify\">Na tarde do dia 30 de outubro esteve presente na sede da Confer\u00eancia Nacional dos Bispos do Brasil, em Bras\u00edlia, a ministra do Desenvolvimento Social e Combate \u00e0 Fome, Tereza Campello. A ministra falou aos membros do Conselho Permanente sobre o plano &#8216;Brasil sem Mis\u00e9ria\u2019, que tem o objetivo de reduzir as desigualdades sociais no pa\u00eds, e est\u00e1 h\u00e1 um ano e meio em execu\u00e7\u00e3o.<\/p>\n<p><!--more--><\/p>\n<p style=\"text-align: justify\">\u201cO \u2018Brasil sem Mis\u00e9ria\u2019 \u00e9 um plano que, como todo bom plano, est\u00e1 sempre aberto \u00e0 ajustes e melhorias. O plano est\u00e1 em pleno processo, e para n\u00f3s \u00e9 muito importante essa escuta com os senhores. Mais que uma apresenta\u00e7\u00e3o, n\u00f3s queremos receber contribui\u00e7\u00f5es e garantir que o \u2018Brasil sem Mis\u00e9ria\u2019 continue evoluindo, e que, eventualmente, possamos estar ajustando os rumos\u201d, disse a ministra aos membros do Conselho.<\/p>\n<p style=\"text-align: justify\">O plano \u2018Brasil sem Mis\u00e9ria\u2019 \u00e9 baseado em tr\u00eas eixos: na garantia de renda; no acesso a servi\u00e7os; e na inclus\u00e3o produtiva. A ministra explica que n\u00e3o se trata de uma nova pol\u00edtica frente \u00e0s necessidades sociais, mas sim um \u201crefor\u00e7o\u201d nas pol\u00edticas p\u00fablicas existentes.<\/p>\n<p style=\"text-align: justify\"><img decoding=\"async\" loading=\"lazy\" class=\" alignleft size-full wp-image-16880\" style=\"float: left\" src=\"https:\/\/www.cnbb.org.br\/wp-content\/uploads\/2020\/03\/Ministra_do_desenvolvimento_social.jpg\" alt=\"Ministra_do_desenvolvimento_social\" width=\"555\" height=\"372\" \/>\u201cN\u00f3s n\u00e3o estamos alterando a pol\u00edtica do Estado brasileiro, portanto n\u00f3s queremos continuar garantindo que as \u00e1reas de sa\u00fade, educa\u00e7\u00e3o e assist\u00eancia, que o conjunto da \u00e1rea social, e as \u00e1reas de desenvolvimento econ\u00f4mico, continuem tendo a sua trilha\u201d, esclarece.<\/p>\n<p style=\"text-align: justify\">O \u2018Brasil sem Mis\u00e9ria\u2019 engloba uma s\u00e9rie de programas governamentais, que por meio de parceria entre governos, empres\u00e1rios e o setor econ\u00f4mico, reduzem a desigualdade e proporcionam avan\u00e7os econ\u00f4micos.<\/p>\n<p style=\"text-align: justify\">\u201cOrganizamos uma grande for\u00e7a-tarefa para olhar com uma aten\u00e7\u00e3o diferenciada, em curto tempo, tentando fazer uma esp\u00e9cie de \u2018prega profunda\u2019. Antecipar o processo de redu\u00e7\u00e3o das desigualdades no Brasil de forma muito acelerada, isso \u00e9 o \u2018Brasil sem mis\u00e9ria\u2019. A ideia \u00e9 fortalecer o conjunto das pol\u00edticas p\u00fablicas, e n\u00e3o as substituindo\u201d, explicou a ministra.<\/p>\n","protected":false},"excerpt":{"rendered":"<p>Na tarde do dia 30 de outubro esteve presente na sede da Confer\u00eancia Nacional dos Bispos do Brasil, em Bras\u00edlia, a ministra do Desenvolvimento Social e Combate \u00e0 Fome, Tereza Campello. A ministra falou aos membros do Conselho Permanente sobre o plano &#8216;Brasil sem Mis\u00e9ria\u2019, que tem o objetivo de reduzir as desigualdades sociais no &hellip;<\/p>\n<p class=\"read-more\"> <a class=\"\" href=\"https:\/\/www.cnbb.org.br\/ministra-do-desenvolvimento-social-participa-de-reuniao-do-conselho-permanente\/\"> <span class=\"screen-reader-text\">Ministra do Desenvolvimento Social participa de reuni\u00e3o do Conselho Permanente<\/span> Leia mais &raquo;<\/a><\/p>\n","protected":false},"author":83,"featured_media":16268,"comment_status":"open","ping_status":"open","sticky":false,"template":"","format":"standard","meta":{"site-sidebar-layout":"default","site-content-layout":"default","ast-global-header-display":"","ast-banner-title-visibility":"","ast-main-header-display":"","ast-hfb-above-header-display":"","ast-hfb-below-header-display":"","ast-hfb-mobile-header-display":"","site-post-title":"","ast-breadcrumbs-content":"","ast-featured-img":"","footer-sml-layout":"","theme-transparent-header-meta":"","adv-header-id-meta":"","stick-header-meta":"","header-above-stick-meta":"","header-main-stick-meta":"","header-below-stick-meta":""},"categories":[834,744],"tags":[],"acf":[],"_links":{"self":[{"href":"https:\/\/www.cnbb.org.br\/cnbb-app\/wp\/v2\/posts\/16267"}],"collection":[{"href":"https:\/\/www.cnbb.org.br\/cnbb-app\/wp\/v2\/posts"}],"about":[{"href":"https:\/\/www.cnbb.org.br\/cnbb-app\/wp\/v2\/types\/post"}],"author":[{"embeddable":true,"href":"https:\/\/www.cnbb.org.br\/cnbb-app\/wp\/v2\/users\/83"}],"replies":[{"embeddable":true,"href":"https:\/\/www.cnbb.org.br\/cnbb-app\/wp\/v2\/comments?post=16267"}],"version-history":[{"count":0,"href":"https:\/\/www.cnbb.org.br\/cnbb-app\/wp\/v2\/posts\/16267\/revisions"}],"wp:featuredmedia":[{"embeddable":true,"href":"https:\/\/www.cnbb.org.br\/cnbb-app\/wp\/v2\/media\/16268"}],"wp:attachment":[{"href":"https:\/\/www.cnbb.org.br\/cnbb-app\/wp\/v2\/media?parent=16267"}],"wp:term":[{"taxonomy":"category","embeddable":true,"href":"https:\/\/www.cnbb.org.br\/cnbb-app\/wp\/v2\/categories?post=16267"},{"taxonomy":"post_tag","embeddable":true,"href":"https:\/\/www.cnbb.org.br\/cnbb-app\/wp\/v2\/tags?post=16267"}],"curies":[{"name":"wp","href":"https:\/\/api.w.org\/{rel}","templated":true}]}}