{"id":16288,"date":"2013-06-19T00:00:00","date_gmt":"2013-06-19T03:00:00","guid":{"rendered":"https:\/\/www.cnbb.org.br\/conselho-permanente-da-cnbb-reflete-sobre-protestos\/"},"modified":"2013-06-19T00:00:00","modified_gmt":"2013-06-19T03:00:00","slug":"conselho-permanente-da-cnbb-reflete-sobre-protestos","status":"publish","type":"post","link":"https:\/\/www.cnbb.org.br\/conselho-permanente-da-cnbb-reflete-sobre-protestos\/","title":{"rendered":"Conselho Permanente da CNBB reflete sobre manifesta\u00e7\u00f5es"},"content":{"rendered":"<p style=\"text-align: justify\">Os protestos que est\u00e3o sendo realizados pelos brasileiros em v\u00e1rias cidades do Pa\u00eds est\u00e3o entre os assuntos a serem tratados pela reuni\u00e3o do Conselho Permanente da CNBB. O encontro que come\u00e7a na manh\u00e3 desta quarta-feira, 19 de junho, e, na primeira sess\u00e3o contou com a participa\u00e7\u00e3o do representante do N\u00fancio Apost\u00f3lico no Brasil, dom Giovanni D\u2019Aniello.<\/p>\n<p><!--more--><\/p>\n<p style=\"text-align: justify\">Esse Conselho \u00e9 composto pela presid\u00eancia da Confer\u00eancia, pelos membros do Conselho de Pastoral e pelos bispos que formam os conselhos regionais. A pauta aprovada para a reuni\u00e3o \u00e9 vasta e inclui avalia\u00e7\u00e3o da \u00faltima Assembleia Geral e a implementa\u00e7\u00e3o de suas decis\u00f5es; o trabalho da C\u00e1ritas Brasileira; o aprofundamento sobre o tema das par\u00f3quias; Movimento Saude + 10; C\u00f3digo Penal; Reforma Pol\u00edtica; Diret\u00f3rio da Comunica\u00e7\u00e3o e Jornada Mundial da Juventude que ser\u00e1 realizada no final de julho, no Rio de Janeiro, com a presen\u00e7a do Papa Francisco.<\/p>\n<p style=\"text-align: justify\">Tomou a palavra na manh\u00e3 desta quarta-feira, o Monsenhor Gian Luca Perici, representando o N\u00fancio Apost\u00f3lico no Brasil. Ele disse que participou pela primeira vez da Assembleia Geral dos bispos no \u00faltimo m\u00eas de abril, em Aparecida. Considerou que a realiza\u00e7\u00e3o do encontro deu um testemunho significativo de um episcopado numeroso e empenhado. Lembrou o tema da renova\u00e7\u00e3o da Par\u00f3quia e seus desafios. \u201cA renova\u00e7\u00e3o das par\u00f3quias \u00e9 uma quest\u00e3o central porque remete a uma renova\u00e7\u00e3o interior de seus membros\u201d, disse Monsenhor Perici.<\/p>\n<p style=\"text-align: justify\">Dom Leonardo Steiner, secretario geral, modera os trabalhos sob a presid\u00eancia do cardeal dom Raymundo Damasceno. Ele pediu a inclus\u00e3o de temas que n\u00e3o estavam na pauta previamente composta, como a explana\u00e7\u00e3o sobre a visita e presen\u00e7a do Papa em Aparecida, Conselho Nacional de Religi\u00f5es, Curso de Comunica\u00e7\u00e3o para Bispos, orienta\u00e7\u00e3o sobre o uso do vinho de missa. Esses e outros temas foram aprovados para serem apresentados na reuni\u00e3o que deve se estender at\u00e9 o almo\u00e7o da sexta-feira, 21 de junho.<\/p>\n","protected":false},"excerpt":{"rendered":"<p>Os protestos que est\u00e3o sendo realizados pelos brasileiros em v\u00e1rias cidades do Pa\u00eds est\u00e3o entre os assuntos a serem tratados pela reuni\u00e3o do Conselho Permanente da CNBB. O encontro que come\u00e7a na manh\u00e3 desta quarta-feira, 19 de junho, e, na primeira sess\u00e3o contou com a participa\u00e7\u00e3o do representante do N\u00fancio Apost\u00f3lico no Brasil, dom Giovanni &hellip;<\/p>\n<p class=\"read-more\"> <a class=\"\" href=\"https:\/\/www.cnbb.org.br\/conselho-permanente-da-cnbb-reflete-sobre-protestos\/\"> <span class=\"screen-reader-text\">Conselho Permanente da CNBB reflete sobre manifesta\u00e7\u00f5es<\/span> Leia mais &raquo;<\/a><\/p>\n","protected":false},"author":83,"featured_media":16289,"comment_status":"open","ping_status":"open","sticky":false,"template":"","format":"standard","meta":{"site-sidebar-layout":"default","site-content-layout":"default","ast-global-header-display":"","ast-banner-title-visibility":"","ast-main-header-display":"","ast-hfb-above-header-display":"","ast-hfb-below-header-display":"","ast-hfb-mobile-header-display":"","site-post-title":"","ast-breadcrumbs-content":"","ast-featured-img":"","footer-sml-layout":"","theme-transparent-header-meta":"","adv-header-id-meta":"","stick-header-meta":"","header-above-stick-meta":"","header-main-stick-meta":"","header-below-stick-meta":""},"categories":[834,744],"tags":[],"acf":[],"_links":{"self":[{"href":"https:\/\/www.cnbb.org.br\/cnbb-app\/wp\/v2\/posts\/16288"}],"collection":[{"href":"https:\/\/www.cnbb.org.br\/cnbb-app\/wp\/v2\/posts"}],"about":[{"href":"https:\/\/www.cnbb.org.br\/cnbb-app\/wp\/v2\/types\/post"}],"author":[{"embeddable":true,"href":"https:\/\/www.cnbb.org.br\/cnbb-app\/wp\/v2\/users\/83"}],"replies":[{"embeddable":true,"href":"https:\/\/www.cnbb.org.br\/cnbb-app\/wp\/v2\/comments?post=16288"}],"version-history":[{"count":0,"href":"https:\/\/www.cnbb.org.br\/cnbb-app\/wp\/v2\/posts\/16288\/revisions"}],"wp:featuredmedia":[{"embeddable":true,"href":"https:\/\/www.cnbb.org.br\/cnbb-app\/wp\/v2\/media\/16289"}],"wp:attachment":[{"href":"https:\/\/www.cnbb.org.br\/cnbb-app\/wp\/v2\/media?parent=16288"}],"wp:term":[{"taxonomy":"category","embeddable":true,"href":"https:\/\/www.cnbb.org.br\/cnbb-app\/wp\/v2\/categories?post=16288"},{"taxonomy":"post_tag","embeddable":true,"href":"https:\/\/www.cnbb.org.br\/cnbb-app\/wp\/v2\/tags?post=16288"}],"curies":[{"name":"wp","href":"https:\/\/api.w.org\/{rel}","templated":true}]}}