{"id":16306,"date":"2014-06-11T00:00:00","date_gmt":"2014-06-11T03:00:00","guid":{"rendered":"https:\/\/www.cnbb.org.br\/conselho-permanente-discute-pesquisa-sobre-perfil-do-presbitero-e-curso-para-formadores\/"},"modified":"2014-06-11T00:00:00","modified_gmt":"2014-06-11T03:00:00","slug":"conselho-permanente-discute-pesquisa-sobre-perfil-do-presbitero-e-curso-para-formadores","status":"publish","type":"post","link":"https:\/\/www.cnbb.org.br\/conselho-permanente-discute-pesquisa-sobre-perfil-do-presbitero-e-curso-para-formadores\/","title":{"rendered":"Conselho Permanente discute pesquisa sobre perfil do presb\u00edtero e curso para formadores"},"content":{"rendered":"<p style=\"text-align: justify\"><span style=\"line-height: 1.3em\">O perfil do presb\u00edtero brasileiro foi tema de debate na reuni\u00e3o do Conselho Permanente da Confer\u00eancia Nacional dos Bispos do Brasil (CNBB), que teve in\u00edcio ontem, 10, em Bras\u00edlia, e prosseguir\u00e1 at\u00e9 amanh\u00e3, 12.<\/span><\/p>\n<p><!--more--><\/p>\n<p style=\"text-align: justify\"><span style=\"line-height: 1.3em\">Os bispos refletiram sobre a elabora\u00e7\u00e3o de uma proposta de pesquisa a respeito do perfil do presb\u00edtero no Brasil. De acordo com o bispo auxiliar de Bras\u00edlia (DF) e secret\u00e1rio geral da CNBB, dom Leonardo Steiner, \u201co primeiro momento seria de di\u00e1logo para ver como proceder e fazer uma proposta concreta sobre a pesquisa\u201d, que estar\u00e1 sob responsabilidade da Comiss\u00e3o Episcopal Pastoral para os Minist\u00e9rios Ordenados e a Vida Consagrada, presidida por dom Pedro Brito. Durante o debate, os bispos apresentaram quest\u00f5es que devem ser levantadas na pesquisa, que quando pronta dever\u00e1 ser\u00e1 aprovada pelo Conselho Permanente. \u00a0Segundo dom Pedro Brito, uma pesquisa semelhante foi feita h\u00e1 mais de 15 anos, por isso a import\u00e2ncia de fazer esta atualiza\u00e7\u00e3o<\/span><\/p>\n<p style=\"text-align: justify\">Outro assunto em pauta, e que tamb\u00e9m dever\u00e1 passar pela aprova\u00e7\u00e3o do Conselho Permanente, diz respeito \u00e0 forma\u00e7\u00e3o de formadores de semin\u00e1rios. O Conselho discute a proposta de um curso de forma\u00e7\u00e3o permanente, com dura\u00e7\u00e3o de dois anos. Os encaminhamentos tamb\u00e9m est\u00e3o a cargo da Comiss\u00e3o para os Minist\u00e9rios Ordenados, que j\u00e1 tem uma reuni\u00e3o prevista com especialistas na \u00e1rea para discutir como dever\u00e1 ocorrer esta forma\u00e7\u00e3o. \u201cA forma\u00e7\u00e3o \u00e9 uma prioridade para o papa Francisco. Estamos apostando que n\u00e3o d\u00e1 mais para improvisar formadores. Por isso, a necessidade de um curso destinado aqueles que formam o clero\u201d, explica dom Pedro.<\/p>\n<p><strong>Avalia\u00e7\u00e3o<\/strong><\/p>\n<p style=\"text-align: justify\">Ontem, 10, o Conselho Permanente fez uma avalia\u00e7\u00e3o da 52\u00aa Assembleia Geral da CNBB, realizada de 30 de abril a 9 de maio, em Aparecida (SP). Foram avaliadas quest\u00f5es como os temas discutidos no evento, a metodologia e a estrutura da Assembleia.<\/p>\n","protected":false},"excerpt":{"rendered":"<p>O perfil do presb\u00edtero brasileiro foi tema de debate na reuni\u00e3o do Conselho Permanente da Confer\u00eancia Nacional dos Bispos do Brasil (CNBB), que teve in\u00edcio ontem, 10, em Bras\u00edlia, e prosseguir\u00e1 at\u00e9 amanh\u00e3, 12.<\/p>\n","protected":false},"author":83,"featured_media":16307,"comment_status":"open","ping_status":"open","sticky":false,"template":"","format":"standard","meta":{"site-sidebar-layout":"default","site-content-layout":"default","ast-global-header-display":"","ast-banner-title-visibility":"","ast-main-header-display":"","ast-hfb-above-header-display":"","ast-hfb-below-header-display":"","ast-hfb-mobile-header-display":"","site-post-title":"","ast-breadcrumbs-content":"","ast-featured-img":"","footer-sml-layout":"","theme-transparent-header-meta":"","adv-header-id-meta":"","stick-header-meta":"","header-above-stick-meta":"","header-main-stick-meta":"","header-below-stick-meta":""},"categories":[834,744],"tags":[],"acf":[],"_links":{"self":[{"href":"https:\/\/www.cnbb.org.br\/cnbb-app\/wp\/v2\/posts\/16306"}],"collection":[{"href":"https:\/\/www.cnbb.org.br\/cnbb-app\/wp\/v2\/posts"}],"about":[{"href":"https:\/\/www.cnbb.org.br\/cnbb-app\/wp\/v2\/types\/post"}],"author":[{"embeddable":true,"href":"https:\/\/www.cnbb.org.br\/cnbb-app\/wp\/v2\/users\/83"}],"replies":[{"embeddable":true,"href":"https:\/\/www.cnbb.org.br\/cnbb-app\/wp\/v2\/comments?post=16306"}],"version-history":[{"count":0,"href":"https:\/\/www.cnbb.org.br\/cnbb-app\/wp\/v2\/posts\/16306\/revisions"}],"wp:featuredmedia":[{"embeddable":true,"href":"https:\/\/www.cnbb.org.br\/cnbb-app\/wp\/v2\/media\/16307"}],"wp:attachment":[{"href":"https:\/\/www.cnbb.org.br\/cnbb-app\/wp\/v2\/media?parent=16306"}],"wp:term":[{"taxonomy":"category","embeddable":true,"href":"https:\/\/www.cnbb.org.br\/cnbb-app\/wp\/v2\/categories?post=16306"},{"taxonomy":"post_tag","embeddable":true,"href":"https:\/\/www.cnbb.org.br\/cnbb-app\/wp\/v2\/tags?post=16306"}],"curies":[{"name":"wp","href":"https:\/\/api.w.org\/{rel}","templated":true}]}}