{"id":16337,"date":"2009-12-11T00:00:00","date_gmt":"2009-12-11T02:00:00","guid":{"rendered":"https:\/\/www.cnbb.org.br\/bispos-do-consep-lembram-padres-assassinados-em-2009-e-clamam-por-justica\/"},"modified":"2009-12-11T00:00:00","modified_gmt":"2009-12-11T02:00:00","slug":"bispos-do-consep-lembram-padres-assassinados-em-2009-e-clamam-por-justica","status":"publish","type":"post","link":"https:\/\/www.cnbb.org.br\/bispos-do-consep-lembram-padres-assassinados-em-2009-e-clamam-por-justica\/","title":{"rendered":"Bispos do Consep lembram padres assassinados em 2009 e clamam por justi\u00e7a"},"content":{"rendered":"<p style=\"text-align: justify\">Os bispos do Conselho Episcopal de Pastoral (Consep) lan\u00e7aram mais uma nota em sua \u00faltima reuni\u00e3o do ano. Esta \u00e9 sobre a crescente viol\u00eancia no <!--more--> pa\u00eds, que vem ceifando a vida de sacerdotes da Igreja. Com o t\u00edtulo \u201cMataram mais um irm\u00e3o!\u201d, a nota repudia os assassinatos que aconteceram no ano de 2009 e retiraram as vidas dos padres Ramiro Lude\u00f1o, de Recife (PE); Gisley Gomes Azevedo, CSS, Bras\u00edlia (DF); Ruggero Ruvoletto, Manaus (AM); Evaldo Martiol Ca\u00e7ador (SC) e Hidalberto Henrique Guimar\u00e3es, Murici (AL). \u201cEstamos inconformados com as agress\u00f5es praticadas contra o padre Joaquim Fonseca, mission\u00e1rio comboniano que trabalha em Roraima\u201d, completa a nota.<\/p>\n<p style=\"text-align: justify\">No texto, os bispos afirmam que continuar\u00e3o empenhados contra as pr\u00e1ticas violentas e na luta por justi\u00e7a e paz.<\/p>\n<p style=\"text-align: justify\">Confira nota, abaixo:<\/p>\n<p style=\"text-align: justify\">\n<hr \/>\n<h1 style=\"text-align: center\">Mataram mais um irm\u00e3o!<\/h1>\n<p style=\"text-align: justify\">N\u00f3s, Bispos do Conselho Episcopal de Pastoral da CNBB (CONSEP), temos acompanhado, com muita preocupa\u00e7\u00e3o, a viol\u00eancia praticada contra presb\u00edteros da Igreja Cat\u00f3lica no Brasil. Em 2009, foram assassinados: Pe. Ramiro Lude\u00f1o (Recife-PE); Pe. Gisley Gomes Azevedo, CSS (Bras\u00edlia-DF); Pe. Ruggero Ruvoletto (Manaus-AM); Pe. Evaldo Martiol (Ca\u00e7ador \u2013 SC) e Pe. Hidalberto Henrique Guimar\u00e3es (Murici-AL). Estamos inconformados com as agress\u00f5es praticadas contra o Pe. Joaquim Fonseca, mission\u00e1rio comboniano que trabalha em Roraima.<\/p>\n<p style=\"text-align: justify\">Neste ano de 2009, quando a Campanha da Fraternidade chamou a aten\u00e7\u00e3o da sociedade brasileira sobre a Seguran\u00e7a P\u00fablica, vemos como o clima de inseguran\u00e7a continua trazendo medo, tristeza e dor.<\/p>\n<p style=\"text-align: justify\">A Igreja Cat\u00f3lica no Brasil se sente profundamente atingida e indignada diante da viol\u00eancia contra filhos seus cuja vida est\u00e1 sendo ceifada. Reafirmamos que nada justifica a viol\u00eancia!<\/p>\n<p style=\"text-align: justify\">A CNBB continuar\u00e1 empenhada na luta pela justi\u00e7a e paz porque acredita em Jesus Cristo que veio para que todos tenham vida e a tenham em abund\u00e2ncia (cf. Jo 10,10) e lembra: a impunidade \u00e9 uma das causas do aumento da viol\u00eancia.<\/p>\n<p style=\"text-align: justify\">Celebrando o Ano Sacerdotal, manifestamos, mais uma vez, nosso amor e gratid\u00e3o aos presb\u00edteros do Brasil, e rogamos a Deus que, na fidelidade a Cristo, continuem\u00a0\u00a0 perseverantes, fi\u00e9is, pastores dedicados ao povo que lhes \u00e9 confiado.<\/p>\n<p style=\"text-align: justify\">Bras\u00edlia, 10 de dezembro de 2009, celebra\u00e7\u00e3o do anivers\u00e1rio da Declara\u00e7\u00e3o Universal dos Direitos Humanos.<\/p>\n<p style=\"text-align: justify\">\n<p style=\"text-align: center\">Dom Geraldo Lyrio Rocha<\/p>\n<p>Arcebispo de Mariana<\/p>\n<p>Presidente da CNBB<\/p>\n<p>Dom Luiz Soares Vieira<\/p>\n<p>Arcebispo de Manaus<\/p>\n<p>Vice-Presidente da CNBB<\/p>\n<p>Dom Dimas Lara Barbosa<\/p>\n<p>Bispo Auxiliar do Rio de Janeiro<\/p>\n<p>Secret\u00e1rio-Geral da CNBB<\/p>\n","protected":false},"excerpt":{"rendered":"<p>Os bispos do Conselho Episcopal de Pastoral (Consep) lan\u00e7aram mais uma nota em sua \u00faltima reuni\u00e3o do ano. Esta \u00e9 sobre a crescente viol\u00eancia no<\/p>\n","protected":false},"author":83,"featured_media":0,"comment_status":"open","ping_status":"open","sticky":false,"template":"","format":"standard","meta":{"site-sidebar-layout":"default","site-content-layout":"default","ast-global-header-display":"","ast-banner-title-visibility":"","ast-main-header-display":"","ast-hfb-above-header-display":"","ast-hfb-below-header-display":"","ast-hfb-mobile-header-display":"","site-post-title":"","ast-breadcrumbs-content":"","ast-featured-img":"","footer-sml-layout":"","theme-transparent-header-meta":"","adv-header-id-meta":"","stick-header-meta":"","header-above-stick-meta":"","header-main-stick-meta":"","header-below-stick-meta":""},"categories":[824,744],"tags":[],"acf":[],"_links":{"self":[{"href":"https:\/\/www.cnbb.org.br\/cnbb-app\/wp\/v2\/posts\/16337"}],"collection":[{"href":"https:\/\/www.cnbb.org.br\/cnbb-app\/wp\/v2\/posts"}],"about":[{"href":"https:\/\/www.cnbb.org.br\/cnbb-app\/wp\/v2\/types\/post"}],"author":[{"embeddable":true,"href":"https:\/\/www.cnbb.org.br\/cnbb-app\/wp\/v2\/users\/83"}],"replies":[{"embeddable":true,"href":"https:\/\/www.cnbb.org.br\/cnbb-app\/wp\/v2\/comments?post=16337"}],"version-history":[{"count":0,"href":"https:\/\/www.cnbb.org.br\/cnbb-app\/wp\/v2\/posts\/16337\/revisions"}],"wp:attachment":[{"href":"https:\/\/www.cnbb.org.br\/cnbb-app\/wp\/v2\/media?parent=16337"}],"wp:term":[{"taxonomy":"category","embeddable":true,"href":"https:\/\/www.cnbb.org.br\/cnbb-app\/wp\/v2\/categories?post=16337"},{"taxonomy":"post_tag","embeddable":true,"href":"https:\/\/www.cnbb.org.br\/cnbb-app\/wp\/v2\/tags?post=16337"}],"curies":[{"name":"wp","href":"https:\/\/api.w.org\/{rel}","templated":true}]}}