{"id":16356,"date":"2010-09-23T00:00:00","date_gmt":"2010-09-23T03:00:00","guid":{"rendered":"https:\/\/www.cnbb.org.br\/dom-geraldo-preside-missa-na-reuniao-do-consep-1\/"},"modified":"2010-09-23T00:00:00","modified_gmt":"2010-09-23T03:00:00","slug":"dom-geraldo-preside-missa-na-reuniao-do-consep-1","status":"publish","type":"post","link":"https:\/\/www.cnbb.org.br\/dom-geraldo-preside-missa-na-reuniao-do-consep-1\/","title":{"rendered":"Dom Geraldo preside missa na reuni\u00e3o do Consep"},"content":{"rendered":"<p style=\"text-align: justify\">Termina nesta quinta-feira, 23, a reuni\u00e3o ordin\u00e1ria do Conselho Episcopal Pastoral da CNBB (Consep), que come\u00e7ou na ter\u00e7a-feira, 21. O presidente da CNBB, dom Geraldo Lyrio Rocha, presidiu a missa na manh\u00e3 de hoje e recordou a mem\u00f3ria de S\u00e3o Pio de Pietrelcina, mais conhecido com Padre Pio, \u201csacerdote capuchinho, aut\u00eantico herdeiro espiritual de S\u00e3o Francisco de Assis\u201d.<\/p>\n<p><!--more--><\/p>\n<p style=\"text-align: justify\">Citando artigo do L\u2019Osservatore Romano, dom Geraldo destacou as virtudes que levaram Padre Pio \u00e0 gl\u00f3ria dos altares. \u201cO amor de Deus encheu o seu cora\u00e7\u00e3o e, satisfeitos todos os seus anseios, a caridade foi a inspira\u00e7\u00e3o do seu dia a dia: amar a Deus e ajudar os outros a am\u00e1-lo.\u00a0 Sua especial preocupa\u00e7\u00e3o era crescer na caridade e levar os outros a fazer o mesmo\u201d, destacou o presidente da CNBB.<\/p>\n<p style=\"text-align: justify\">Dom Geraldo comentou, tamb\u00e9m, a passagem do evangelho de Lucas proclamado na celebra\u00e7\u00e3o que narra o desejo de Herodes ver Jesus.\u00a0 \u201cA afirma\u00e7\u00e3o: Herodes \u201cprocurava ver Jesus\u201d (Lc 9, 9) mostra a perspectiva de Lucas que sempre tem os olhos voltados para o futuro. A Eucaristia antecipa o futuro em sua realiza\u00e7\u00e3o escatol\u00f3gica, ao mesmo tempo em que o evento pascal acontecido no passado torna-se presente no mist\u00e9rio que celebramos\u201d, disse.<\/p>\n<p style=\"text-align: justify\">\u201cEm nossa caminhada de f\u00e9, procuramos ver Jesus, n\u00e3o com a curiosidade de Herodes, mas na certeza de que \u201cEle \u00e9 o Filho de Deus verdadeiro, o \u00fanico Salvador da humanidade\u201d, sublinhou dom Geraldo. \u201cA import\u00e2ncia \u00fanica e insubstitu\u00edvel de Cristo para n\u00f3s e para a humanidade consiste em que Ele \u00e9 o Caminho, a Verdade e a Vida\u201d, acrescentou.<\/p>\n<h4 style=\"text-align: justify\">N\u00fancio apost\u00f3lico<\/h4>\n<p style=\"text-align: justify\"><img decoding=\"async\" loading=\"lazy\" class=\" alignleft size-full wp-image-6585\" style=\"float: left\" src=\"https:\/\/www.cnbb.org.br\/wp-content\/uploads\/2020\/03\/nuncioapostolicoconsep.jpg\" alt=\"nuncioapostolicoconsep\" width=\"123\" height=\"123\" \/>O n\u00fancio apost\u00f3lico no Brasil, dom Lorenzo Baldisseri, recebeu ontem, 22, homenagem do Consep em raz\u00e3o de seu anivers\u00e1rio natal\u00edcio a ser comemorado na pr\u00f3xima quarta-feira, dia 29. Dom Lorenzo presidiu a missa e foi saudado pelo presidente da CNBB, dom Geraldo Lyrio Rocha.<\/p>\n<h4 style=\"text-align: justify\"><a href=\"http:\/\/cnbbjoomla.sitesparresia.com\/wp-content\/uploads\/sites\/85\/2010\/09\/homiliadomgeraldoconsepset.pdf\" target=\"_blank\" rel=\"noopener\">Veja a \u00edntegra da homilia do presidente da CNBB na missa de hoje.<\/a><\/h4>\n","protected":false},"excerpt":{"rendered":"<p>Termina nesta quinta-feira, 23, a reuni\u00e3o ordin\u00e1ria do Conselho Episcopal Pastoral da CNBB (Consep), que come\u00e7ou na ter\u00e7a-feira, 21. O presidente da CNBB, dom Geraldo Lyrio Rocha, presidiu a missa na manh\u00e3 de hoje e recordou a mem\u00f3ria de S\u00e3o Pio de Pietrelcina, mais conhecido com Padre Pio, \u201csacerdote capuchinho, aut\u00eantico herdeiro espiritual de S\u00e3o &hellip;<\/p>\n<p class=\"read-more\"> <a class=\"\" href=\"https:\/\/www.cnbb.org.br\/dom-geraldo-preside-missa-na-reuniao-do-consep-1\/\"> <span class=\"screen-reader-text\">Dom Geraldo preside missa na reuni\u00e3o do Consep<\/span> Leia mais &raquo;<\/a><\/p>\n","protected":false},"author":83,"featured_media":16357,"comment_status":"open","ping_status":"open","sticky":false,"template":"","format":"standard","meta":{"site-sidebar-layout":"default","site-content-layout":"default","ast-global-header-display":"","ast-banner-title-visibility":"","ast-main-header-display":"","ast-hfb-above-header-display":"","ast-hfb-below-header-display":"","ast-hfb-mobile-header-display":"","site-post-title":"","ast-breadcrumbs-content":"","ast-featured-img":"","footer-sml-layout":"","theme-transparent-header-meta":"","adv-header-id-meta":"","stick-header-meta":"","header-above-stick-meta":"","header-main-stick-meta":"","header-below-stick-meta":""},"categories":[824,744],"tags":[],"acf":[],"_links":{"self":[{"href":"https:\/\/www.cnbb.org.br\/cnbb-app\/wp\/v2\/posts\/16356"}],"collection":[{"href":"https:\/\/www.cnbb.org.br\/cnbb-app\/wp\/v2\/posts"}],"about":[{"href":"https:\/\/www.cnbb.org.br\/cnbb-app\/wp\/v2\/types\/post"}],"author":[{"embeddable":true,"href":"https:\/\/www.cnbb.org.br\/cnbb-app\/wp\/v2\/users\/83"}],"replies":[{"embeddable":true,"href":"https:\/\/www.cnbb.org.br\/cnbb-app\/wp\/v2\/comments?post=16356"}],"version-history":[{"count":0,"href":"https:\/\/www.cnbb.org.br\/cnbb-app\/wp\/v2\/posts\/16356\/revisions"}],"wp:featuredmedia":[{"embeddable":true,"href":"https:\/\/www.cnbb.org.br\/cnbb-app\/wp\/v2\/media\/16357"}],"wp:attachment":[{"href":"https:\/\/www.cnbb.org.br\/cnbb-app\/wp\/v2\/media?parent=16356"}],"wp:term":[{"taxonomy":"category","embeddable":true,"href":"https:\/\/www.cnbb.org.br\/cnbb-app\/wp\/v2\/categories?post=16356"},{"taxonomy":"post_tag","embeddable":true,"href":"https:\/\/www.cnbb.org.br\/cnbb-app\/wp\/v2\/tags?post=16356"}],"curies":[{"name":"wp","href":"https:\/\/api.w.org\/{rel}","templated":true}]}}