{"id":16394,"date":"2012-08-08T00:00:00","date_gmt":"2012-08-08T03:00:00","guid":{"rendered":"https:\/\/www.cnbb.org.br\/assessores-da-cnbb-ajustam-projetos-de-pastoral-e-refletem-sobre-comunicacao\/"},"modified":"2012-08-08T00:00:00","modified_gmt":"2012-08-08T03:00:00","slug":"assessores-da-cnbb-ajustam-projetos-de-pastoral-e-refletem-sobre-comunicacao","status":"publish","type":"post","link":"https:\/\/www.cnbb.org.br\/assessores-da-cnbb-ajustam-projetos-de-pastoral-e-refletem-sobre-comunicacao\/","title":{"rendered":"Assessores da CNBB ajustam projetos de pastoral e refletem sobre comunica\u00e7\u00e3o"},"content":{"rendered":"<div style=\"text-align: justify\">Padre Francisco de Assis Wloch, subsecret\u00e1rio geral de pastoral da CNBB, responde pela colabora\u00e7\u00e3o direta com a coordena\u00e7\u00e3o da reuni\u00e3o dos assessores que \u00e9 presidida por dom Leonardo Steiner, secret\u00e1rio geral da CNBB. O encontro dos assessores (GA) se realiza nestes dias 7 e 8 de agosto de 2012, na sede da Confer\u00eancia em Bras\u00edlia.<\/div>\n<div style=\"text-align: justify\"><\/div>\n<p>  <!--more-->  <\/p>\n<div style=\"text-align: justify\">A formata\u00e7\u00e3o da pauta, incluindo o tempo dispon\u00edvel para cada pessoa que se apresenta, e outras provid\u00eancias para o bom andamento da reuni\u00e3o ficam aos cuidados do padre Chico, como \u00e9 conhecido. Ele tamb\u00e9m anima as discuss\u00f5es dos assessores e garante a continuidade dos debates dos temas de uma reuni\u00e3o para a outra. Compete tamb\u00e9m a ele o registro e a informa\u00e7\u00e3o que os assessores recebem sobre decis\u00f5es, projetos, orienta\u00e7\u00f5es e normas que saem da assembleia e dos conselhos (CONSEP e CP) da Confer\u00eancia.<\/div>\n<div style=\"text-align: justify\">O GA se re\u00fane, com regularidade, para compartilhar o que cada comiss\u00e3o est\u00e1 realizando no servi\u00e7o que presta \u00e0 a\u00e7\u00e3o evangelizadora e para ajustar procedimentos de administra\u00e7\u00e3o dos projetos que constam do Plano Quadrienal da CNBB. Nestes dias, este \u00faltimo assunto tem destaque especial. Os assessores est\u00e3o empenhados no discernimento a respeito do contingenciamento de recursos para o financiam as atividades que ainda devem ser realizadas nas dioceses no segundo semestre deste ano.\u00a0 Vistas as dificuldades de garantir a execu\u00e7\u00e3o dos projetos por causa da precariedade dos recursos, tamb\u00e9m os assessores tomaram decis\u00e3o de colaborar com parte de\u00a0 suas gratifica\u00e7\u00f5es financeiras fazendo uma doa\u00e7\u00e3o conjunta.<\/div>\n<div style=\"text-align: justify\">Parte da reuni\u00e3o do GA \u00e9 dedicada a apresenta\u00e7\u00e3o de temas que ajudem na forma\u00e7\u00e3o permanente desses colaboradores especiais da Confer\u00eancia. Neste encontro de agosto, o assunto previamente estabelecido foi a elabora\u00e7\u00e3o de pol\u00edticas de comunica\u00e7\u00e3o para a CNBB. O subsecret\u00e1rio geral de pastoral acompanhou a prepara\u00e7\u00e3o da exposi\u00e7\u00e3o e, nesta quarta-feira, com a participa\u00e7\u00e3o da Ir. Elide Fogolari e Pe. Clovis Andrade da Comiss\u00e3o da Comunica\u00e7\u00e3o e Pe. Rafael Vieira e Ir. Diego Joaquim, da assessoria de imprensa, teve in\u00edcio um processo de reflex\u00e3o sobre o tema.<\/div>\n<div style=\"text-align: justify\">A proposta apresentada foi da realiza\u00e7\u00e3o de um caminho com tr\u00eas passos metodol\u00f3gicos: o primeiro, uma avalia\u00e7\u00e3o geral de como est\u00e3o os desafios da comunica\u00e7\u00e3o em todas as comiss\u00f5es e no inteiro secretariado geral; o segundo, j\u00e1 no pr\u00f3ximo encontro do GA, um especialista em comunica\u00e7\u00e3o institucional vir\u00e1 para interpretar os levantamentos feitos neste m\u00eas; e o terceiro, elabora\u00e7\u00e3o de pol\u00edticas de comunica\u00e7\u00e3o para serem cumpridas j\u00e1 no pr\u00f3ximo ano.<\/div>\n","protected":false},"excerpt":{"rendered":"<p>Padre Francisco de Assis Wloch, subsecret\u00e1rio geral de pastoral da CNBB, responde pela colabora\u00e7\u00e3o direta com a coordena\u00e7\u00e3o da reuni\u00e3o dos assessores que \u00e9 presidida por dom Leonardo Steiner, secret\u00e1rio geral da CNBB. O encontro dos assessores (GA) se realiza nestes dias 7 e 8 de agosto de 2012, na sede da Confer\u00eancia em Bras\u00edlia.<\/p>\n","protected":false},"author":83,"featured_media":16395,"comment_status":"open","ping_status":"open","sticky":false,"template":"","format":"standard","meta":{"site-sidebar-layout":"default","site-content-layout":"default","ast-global-header-display":"","ast-banner-title-visibility":"","ast-main-header-display":"","ast-hfb-above-header-display":"","ast-hfb-below-header-display":"","ast-hfb-mobile-header-display":"","site-post-title":"","ast-breadcrumbs-content":"","ast-featured-img":"","footer-sml-layout":"","theme-transparent-header-meta":"","adv-header-id-meta":"","stick-header-meta":"","header-above-stick-meta":"","header-main-stick-meta":"","header-below-stick-meta":""},"categories":[824,744],"tags":[],"acf":[],"_links":{"self":[{"href":"https:\/\/www.cnbb.org.br\/cnbb-app\/wp\/v2\/posts\/16394"}],"collection":[{"href":"https:\/\/www.cnbb.org.br\/cnbb-app\/wp\/v2\/posts"}],"about":[{"href":"https:\/\/www.cnbb.org.br\/cnbb-app\/wp\/v2\/types\/post"}],"author":[{"embeddable":true,"href":"https:\/\/www.cnbb.org.br\/cnbb-app\/wp\/v2\/users\/83"}],"replies":[{"embeddable":true,"href":"https:\/\/www.cnbb.org.br\/cnbb-app\/wp\/v2\/comments?post=16394"}],"version-history":[{"count":0,"href":"https:\/\/www.cnbb.org.br\/cnbb-app\/wp\/v2\/posts\/16394\/revisions"}],"wp:featuredmedia":[{"embeddable":true,"href":"https:\/\/www.cnbb.org.br\/cnbb-app\/wp\/v2\/media\/16395"}],"wp:attachment":[{"href":"https:\/\/www.cnbb.org.br\/cnbb-app\/wp\/v2\/media?parent=16394"}],"wp:term":[{"taxonomy":"category","embeddable":true,"href":"https:\/\/www.cnbb.org.br\/cnbb-app\/wp\/v2\/categories?post=16394"},{"taxonomy":"post_tag","embeddable":true,"href":"https:\/\/www.cnbb.org.br\/cnbb-app\/wp\/v2\/tags?post=16394"}],"curies":[{"name":"wp","href":"https:\/\/api.w.org\/{rel}","templated":true}]}}