{"id":16408,"date":"2012-09-26T00:00:00","date_gmt":"2012-09-26T03:00:00","guid":{"rendered":"https:\/\/www.cnbb.org.br\/nuncio-apostolico-visita-bispos-do-consep\/"},"modified":"2012-09-26T00:00:00","modified_gmt":"2012-09-26T03:00:00","slug":"nuncio-apostolico-visita-bispos-do-consep","status":"publish","type":"post","link":"https:\/\/www.cnbb.org.br\/nuncio-apostolico-visita-bispos-do-consep\/","title":{"rendered":"N\u00fancio Apost\u00f3lico visita bispos do Consep"},"content":{"rendered":"<p style=\"text-align: justify\">O cardeal dom Raymundo Damasceno, arcebispo de Aparecida (SP) e presidente da CNBB, acolheu o N\u00fancio Apost\u00f3lico no Brasil, dom Giovanni d&#8217;Aniello, na sede da Confer\u00eancia, para a celebra\u00e7\u00e3o da eucaristia e para um pronunciamento no in\u00edcio dos trabalhos da reuni\u00e3o do Consep na manh\u00e3 desta quarta-feira, 26 de setembro.<\/p>\n<p><!--more--><\/p>\n<p style=\"text-align: justify\">\u201cUma reuni\u00e3o do Consep \u00e9 sempre um tempo forte da Igreja no Brasil, porque se trata de um momento em que os bispos se re\u00fanem n\u00e3o s\u00f3 como membros da Confer\u00eancia Episcopal, mas, sobretudo, como grupo respons\u00e1vel pelo planejamento, execu\u00e7\u00e3o e revis\u00e3o de toda a a\u00e7\u00e3o pastoral da Igreja no pa\u00eds\u201d, disse o N\u00fancio. Dom d\u00b4Aniello reconhece que mesmo considerando as particularidades regionais, \u201ca a\u00e7\u00e3o duma Igreja local sempre num contexto e uma sintonia total com a a\u00e7\u00e3o e as diretrizes da Igreja Universal, ou, se quisermos, num perfeito \u00b4sentire cum Ecclesia\u00b4\u201d, acrescentou o representante diplom\u00e1tico da Santa S\u00e9.<\/p>\n<p style=\"text-align: justify\"><img decoding=\"async\" loading=\"lazy\" class=\" alignleft size-full wp-image-16380\" style=\"float: left\" src=\"https:\/\/www.cnbb.org.br\/wp-content\/uploads\/2020\/03\/Nuncio_consep_setembro20122.jpg\" alt=\"Nuncio_consep_setembro20122\" width=\"555\" height=\"255\" \/>Dom d\u00b4Aniello sublinhou que a Igreja no Brasil se prepara para viver tr\u00eas momentos importantes de sua caminhada eclesial: a abertura do Ano da F\u00e9, o in\u00edcio do S\u00ednodo dos Bispos sobre nova evangeliza\u00e7\u00e3o para a transmiss\u00e3o da f\u00e9 crist\u00e3 e a celebra\u00e7\u00e3o do Cinquenten\u00e1rio do Conc\u00edlio Ecum\u00eanico Vaticano II. O N\u00fancio destacou o nexo \u00edntimo que existe entre os tr\u00eas acontecimentos e lembrou que essa liga\u00e7\u00e3o vem responder ao problema j\u00e1 sentido pelo ap\u00f3stolo Paulo e registrado na Carta aos Romanos: \u201cOra, como invocar\u00e3o aquele em quem n\u00e3o creram?\u201d.<\/p>\n<p style=\"text-align: justify\">\u201cQueridos irm\u00e3os, conscientes do fato de sermos convocados e enviados a pregar o Reino de Deus, ou seja, Jesus Cristo, Caminho, Verdade e Vida, sabemos tamb\u00e9m que a firmeza e a convic\u00e7\u00e3o desta miss\u00e3o necessita da luz que vem do alto\u201d, lembrou o N\u00fancio. E pediu: \u201cPor isso, atrav\u00e9s da ora\u00e7\u00e3o, \u00e9 necess\u00e1rio que estejamos sempre \u00e0 escuta do que o Senhor nos quiser indicar, especialmente a partir do Santo Sacrif\u00edcio do Altar\u201d.<\/p>\n<p style=\"text-align: justify\">Na conclus\u00e3o do seu depoimento, dom d\u00b4Aniello, lembrou uma passagem da homilia do Papa Bento XVI no in\u00edcio do seu pontificado: \u201cA Igreja no seu conjunto e os pastores nela, como Cristo devem p\u00f4r-se a caminho para conduzir os homens para fora do deserto, para os lugares da vida, da amizade com o Filho de Deus, para Aquele que d\u00e1 a vida, a vida em plenitude\u201d.<\/p>\n","protected":false},"excerpt":{"rendered":"<p>O cardeal dom Raymundo Damasceno, arcebispo de Aparecida (SP) e presidente da CNBB, acolheu o N\u00fancio Apost\u00f3lico no Brasil, dom Giovanni d&#8217;Aniello, na sede da Confer\u00eancia, para a celebra\u00e7\u00e3o da eucaristia e para um pronunciamento no in\u00edcio dos trabalhos da reuni\u00e3o do Consep na manh\u00e3 desta quarta-feira, 26 de setembro.<\/p>\n","protected":false},"author":83,"featured_media":16409,"comment_status":"open","ping_status":"open","sticky":false,"template":"","format":"standard","meta":{"site-sidebar-layout":"default","site-content-layout":"default","ast-global-header-display":"","ast-banner-title-visibility":"","ast-main-header-display":"","ast-hfb-above-header-display":"","ast-hfb-below-header-display":"","ast-hfb-mobile-header-display":"","site-post-title":"","ast-breadcrumbs-content":"","ast-featured-img":"","footer-sml-layout":"","theme-transparent-header-meta":"","adv-header-id-meta":"","stick-header-meta":"","header-above-stick-meta":"","header-main-stick-meta":"","header-below-stick-meta":""},"categories":[824,744],"tags":[],"acf":[],"_links":{"self":[{"href":"https:\/\/www.cnbb.org.br\/cnbb-app\/wp\/v2\/posts\/16408"}],"collection":[{"href":"https:\/\/www.cnbb.org.br\/cnbb-app\/wp\/v2\/posts"}],"about":[{"href":"https:\/\/www.cnbb.org.br\/cnbb-app\/wp\/v2\/types\/post"}],"author":[{"embeddable":true,"href":"https:\/\/www.cnbb.org.br\/cnbb-app\/wp\/v2\/users\/83"}],"replies":[{"embeddable":true,"href":"https:\/\/www.cnbb.org.br\/cnbb-app\/wp\/v2\/comments?post=16408"}],"version-history":[{"count":0,"href":"https:\/\/www.cnbb.org.br\/cnbb-app\/wp\/v2\/posts\/16408\/revisions"}],"wp:featuredmedia":[{"embeddable":true,"href":"https:\/\/www.cnbb.org.br\/cnbb-app\/wp\/v2\/media\/16409"}],"wp:attachment":[{"href":"https:\/\/www.cnbb.org.br\/cnbb-app\/wp\/v2\/media?parent=16408"}],"wp:term":[{"taxonomy":"category","embeddable":true,"href":"https:\/\/www.cnbb.org.br\/cnbb-app\/wp\/v2\/categories?post=16408"},{"taxonomy":"post_tag","embeddable":true,"href":"https:\/\/www.cnbb.org.br\/cnbb-app\/wp\/v2\/tags?post=16408"}],"curies":[{"name":"wp","href":"https:\/\/api.w.org\/{rel}","templated":true}]}}