{"id":16410,"date":"2012-09-26T00:00:00","date_gmt":"2012-09-26T03:00:00","guid":{"rendered":"https:\/\/www.cnbb.org.br\/consep-e-informado-sobre-o-andamento-da-preparacao-para-a-jmj-2013\/"},"modified":"2012-09-26T00:00:00","modified_gmt":"2012-09-26T03:00:00","slug":"consep-e-informado-sobre-o-andamento-da-preparacao-para-a-jmj-2013","status":"publish","type":"post","link":"https:\/\/www.cnbb.org.br\/consep-e-informado-sobre-o-andamento-da-preparacao-para-a-jmj-2013\/","title":{"rendered":"Consep \u00e9 informado sobre o andamento da prepara\u00e7\u00e3o para a JMJ 2013"},"content":{"rendered":"<p style=\"text-align: justify\">Na segunda sess\u00e3o de trabalhos da reuni\u00e3o do Consep na manh\u00e3 desta quarta-feira, 26 de setembro, dom Eduardo Pinheiro, presidente da Comiss\u00e3o Episcopal Pastoral para Juventude, tratou de reuni\u00f5es realizadas com bispos referenciais de todos os regionais da CNBB sobre o tempo forte de evangeliza\u00e7\u00e3o da juventude em vista da prepara\u00e7\u00e3o para a Jornada Mundial da Juventude.<\/p>\n<p><!--more--><\/p>\n<p style=\"text-align: justify\">Dom Eduardo informou que j\u00e1 est\u00e1 marcado um encontro dos bispos para o m\u00eas de setembro de 2013 no per\u00edodo p\u00f3s-jornada para a continuidade do trabalho pastoral com os jovens. Pe. Antonio Ramos, assessor da Comiss\u00e3o para a Juventude, apresentou um r\u00e1pido relato sobre a peregrina\u00e7\u00e3o da cruz e do \u00edcone de Nossa Senhora pela regi\u00e3o do regional Norte 1 e destacou visitas especiais Rond\u00f4nia em Porto Velho e Guajar\u00e1-Mirim. Outro destaque foi a visita dos s\u00edmbolos em casa de recupera\u00e7\u00e3o de jovens dependentes qu\u00edmicos em Rio Branco (AC).<\/p>\n<p style=\"text-align: justify\">Os padres da regi\u00e3o acompanharam os s\u00edmbolos pelo interior e em Manaus (AM), houve uma concentra\u00e7\u00e3o no chamado samb\u00f3dromo da cidade com grande participa\u00e7\u00e3o. Pe. Antonio mostrou que em v\u00e1rios lugares, os s\u00edmbolos foram levados de barcos nos quais se realizavam v\u00e1rios momentos de reflex\u00e3o e ora\u00e7\u00e3o. A peregrina\u00e7\u00e3o continuar\u00e1 no pr\u00f3ximo m\u00eas no regional Norte 2.<\/p>\n<p style=\"text-align: justify\">Pe. Carlos S\u00e1vio, assessor da Comiss\u00e3o para Juventude, lembrou os pr\u00f3ximos encontros importantes na prepara\u00e7\u00e3o para a JMJ com especial acento para a reuni\u00e3o que se realizar\u00e1 em Bras\u00edlia, no m\u00eas de novembro, com a presen\u00e7a do presidente do Pontif\u00edcio Conselho para os Leigos, cardeal Stanislaw Rylko.<\/p>\n","protected":false},"excerpt":{"rendered":"<p>Na segunda sess\u00e3o de trabalhos da reuni\u00e3o do Consep na manh\u00e3 desta quarta-feira, 26 de setembro, dom Eduardo Pinheiro, presidente da Comiss\u00e3o Episcopal Pastoral para Juventude, tratou de reuni\u00f5es realizadas com bispos referenciais de todos os regionais da CNBB sobre o tempo forte de evangeliza\u00e7\u00e3o da juventude em vista da prepara\u00e7\u00e3o para a Jornada Mundial &hellip;<\/p>\n<p class=\"read-more\"> <a class=\"\" href=\"https:\/\/www.cnbb.org.br\/consep-e-informado-sobre-o-andamento-da-preparacao-para-a-jmj-2013\/\"> <span class=\"screen-reader-text\">Consep \u00e9 informado sobre o andamento da prepara\u00e7\u00e3o para a JMJ 2013<\/span> Leia mais &raquo;<\/a><\/p>\n","protected":false},"author":83,"featured_media":16411,"comment_status":"open","ping_status":"open","sticky":false,"template":"","format":"standard","meta":{"site-sidebar-layout":"default","site-content-layout":"default","ast-global-header-display":"","ast-banner-title-visibility":"","ast-main-header-display":"","ast-hfb-above-header-display":"","ast-hfb-below-header-display":"","ast-hfb-mobile-header-display":"","site-post-title":"","ast-breadcrumbs-content":"","ast-featured-img":"","footer-sml-layout":"","theme-transparent-header-meta":"","adv-header-id-meta":"","stick-header-meta":"","header-above-stick-meta":"","header-main-stick-meta":"","header-below-stick-meta":""},"categories":[824,744],"tags":[],"acf":[],"_links":{"self":[{"href":"https:\/\/www.cnbb.org.br\/cnbb-app\/wp\/v2\/posts\/16410"}],"collection":[{"href":"https:\/\/www.cnbb.org.br\/cnbb-app\/wp\/v2\/posts"}],"about":[{"href":"https:\/\/www.cnbb.org.br\/cnbb-app\/wp\/v2\/types\/post"}],"author":[{"embeddable":true,"href":"https:\/\/www.cnbb.org.br\/cnbb-app\/wp\/v2\/users\/83"}],"replies":[{"embeddable":true,"href":"https:\/\/www.cnbb.org.br\/cnbb-app\/wp\/v2\/comments?post=16410"}],"version-history":[{"count":0,"href":"https:\/\/www.cnbb.org.br\/cnbb-app\/wp\/v2\/posts\/16410\/revisions"}],"wp:featuredmedia":[{"embeddable":true,"href":"https:\/\/www.cnbb.org.br\/cnbb-app\/wp\/v2\/media\/16411"}],"wp:attachment":[{"href":"https:\/\/www.cnbb.org.br\/cnbb-app\/wp\/v2\/media?parent=16410"}],"wp:term":[{"taxonomy":"category","embeddable":true,"href":"https:\/\/www.cnbb.org.br\/cnbb-app\/wp\/v2\/categories?post=16410"},{"taxonomy":"post_tag","embeddable":true,"href":"https:\/\/www.cnbb.org.br\/cnbb-app\/wp\/v2\/tags?post=16410"}],"curies":[{"name":"wp","href":"https:\/\/api.w.org\/{rel}","templated":true}]}}