{"id":16414,"date":"2012-11-27T00:00:00","date_gmt":"2012-11-27T02:00:00","guid":{"rendered":"https:\/\/www.cnbb.org.br\/consep-volta-a-tratar-do-mapa-das-religioes\/"},"modified":"2012-11-27T00:00:00","modified_gmt":"2012-11-27T02:00:00","slug":"consep-volta-a-tratar-do-mapa-das-religioes","status":"publish","type":"post","link":"https:\/\/www.cnbb.org.br\/consep-volta-a-tratar-do-mapa-das-religioes\/","title":{"rendered":"Consep volta a tratar do mapa das religi\u00f5es"},"content":{"rendered":"<p style=\"text-align: justify\">O \u00faltimo encontro deste ano de 2012 entre os membros do Conselho Episcopal Pastoral da Confer\u00eancia Nacional dos Bispos do Brasil (CNBB), se realiza nesta ter\u00e7a e quarta-feira, 27 e 28 de novembro. Logo no in\u00edcio dos trabalhos, os bispos voltaram ao tema da diminui\u00e7\u00e3o do n\u00famero de cat\u00f3licos no pa\u00eds conforme os dados do \u00faltimo Censo e publicados no chamado mapa das religi\u00f5es no Brasil. O padre Thierry Linard de Guertechin, presidente do Instituto Brasileiro de Desenvolvimento,o Ibrades, fez uma ampla reflex\u00e3o de sua an\u00e1lise dos n\u00fameros considerando o ambiente religioso do Brasil e a pr\u00e1tica da Igreja Cat\u00f3lica. Em s\u00edntese, ele chamou a aten\u00e7\u00e3o no sentido de levar a s\u00e9rio os resultados do Censo. Diante da expectativa de uma resposta concreta aos dados do Censo, destacou a import\u00e2ncia das Diretrizes Gerais da A\u00e7\u00e3o Evangelizadora no Brasil (DGAE) que j\u00e1 s\u00e3o uma resposta a essa realidade. Real\u00e7ou que a diminui\u00e7\u00e3o do n\u00famero de cat\u00f3licos, em termos absolutos, se deu nas chamadas \u00e1reas consideradas rurais. Os n\u00fameros das \u00e1reas urbanas continuam mais ou menos est\u00e1veis.<\/p>\n<p><!--more--><\/p>\n<p style=\"text-align: justify\">\u201cO verdadeiro desafio \u00e9 constitu\u00eddo pela mentalidade secularizada que cria uma nova imagem de homem e de mulher, n\u00e3o imagem e semelhan\u00e7a de Deus, mas do poder e do mercado\u201d, destacou o padre Thierry. No debate, dom Francisco Biasin, bispo de Barra do Pira\u00ed\/Volta Redonda (RJ) e presidente da Comiss\u00e3o Episcopal Pastoral para o Ecumenismo e o Di\u00e1logo Inter-religioso considerou que a discuss\u00e3o sobre esse tema \u00e9 de grande import\u00e2ncia na prepara\u00e7\u00e3o para a pr\u00f3xima Assembleia Geral que vai tratar da par\u00f3quia como comunidade de comunidades. Dom Jacinto Bergman, bispo de Pelotas (RS) e presidente da Comiss\u00e3o Episcopal Pastoral para a Anima\u00e7\u00e3o B\u00edblico-catequ\u00e9tico tamb\u00e9m Lembrou que faz parte desse \u00e2mbito de reflex\u00e3o a constata\u00e7\u00e3o de uma \u201cmudan\u00e7a de \u00e9poca\u201d j\u00e1 aprofundado no Documento de Aparecida e nas Diretrizes Gerais.<\/p>\n<p style=\"text-align: justify\"><img decoding=\"async\" loading=\"lazy\" class=\" alignleft size-full wp-image-17177\" style=\"float: left\" title=\"Celebra\u00e7\u00e3o Eucar\u00edstica marca a abertura do \u00faltimo Consep de 2012\" src=\"https:\/\/www.cnbb.org.br\/wp-content\/uploads\/2020\/03\/ultimoconsep20121.jpg\" alt=\"ultimoconsep20121\" width=\"555\" height=\"416\" \/>Dom Jo\u00e3o Carlos Petrini, bispo de Cama\u00e7ari (BA) e presidente da Comiss\u00e3o Episcopal Pastoral para Vida e Fam\u00edlia, recordou que a situa\u00e7\u00e3o dos cat\u00f3licos nominais em queda n\u00e3o \u00e9 bem uma novidade e que o v\u00ednculo dos chamados cat\u00f3licos praticantes n\u00e3o parece existir queda. Ele considera, no entanto, que os n\u00fameros do Censo \u00e9 uma chamada de aten\u00e7\u00e3o para se colocar em pr\u00e1tica um trabalho de manter sinais p\u00fablicos que ajudem no despertar o sentido de perten\u00e7a dos cat\u00f3licos nominais. Dom Pedro Brito, arcebispo de Palmas (TO) e presidente da Comiss\u00e3o Episcopal Pastoral para os Minist\u00e9rios Ordenados e a Vida Consagrada, lembrou que o enfraquecimento da miss\u00e3o e da atua\u00e7\u00e3o dos sacerdotes como refer\u00eancia intelectual e moral tamb\u00e9m comprometem a atua\u00e7\u00e3o da Igreja e nisso est\u00e1 tamb\u00e9m o desafio para transforma\u00e7\u00e3o com acento na miss\u00e3o.<\/p>\n<p style=\"text-align: justify\">Dom Armando Bucciol, bispo de Livramento de Nossa Senhora (BA) e presidente da Comiss\u00e3o Episcopal Pastoral para a Liturgia, destacou a qualidade do testemunho e da atua\u00e7\u00e3o de bispos, padres e lideran\u00e7as leigas de alto n\u00edvel. Segundo ele, \u00e9 preciso lembrar da express\u00e3o \u201capaixonar-se por Cristo\u201d como o ponto de partida da a\u00e7\u00e3o mission\u00e1ria. O padre Deusmar Jesus da Silva, assessor da Comiss\u00e3o para os Minist\u00e9rios Ordenados, insistiu a respeito da necessidade de pesquisas que ajudem a orientar o planejamento de pastoral com especial aten\u00e7\u00e3o para pesquisas em n\u00edvel paroquial. \u00c9 preciso conhecer mais a realidade da comunidade local.<\/p>\n<p style=\"text-align: justify\">O Consep, diante do desafio dessa reflex\u00e3o, decidiu que a presid\u00eancia CNBB vai enviar aos bispos de todo o Brasil um texto como o t\u00edtulo \u201cReflex\u00f5es Pastorais do Consep sobre o Mapa das Religi\u00f5es\u201d de modo que se possa colaborar com o aprofundamento sobre os grandes temas que est\u00e3o em torno desse tema.<\/p>\n","protected":false},"excerpt":{"rendered":"<p>O \u00faltimo encontro deste ano de 2012 entre os membros do Conselho Episcopal Pastoral da Confer\u00eancia Nacional dos Bispos do Brasil (CNBB), se realiza nesta ter\u00e7a e quarta-feira, 27 e 28 de novembro. Logo no in\u00edcio dos trabalhos, os bispos voltaram ao tema da diminui\u00e7\u00e3o do n\u00famero de cat\u00f3licos no pa\u00eds conforme os dados do &hellip;<\/p>\n<p class=\"read-more\"> <a class=\"\" href=\"https:\/\/www.cnbb.org.br\/consep-volta-a-tratar-do-mapa-das-religioes\/\"> <span class=\"screen-reader-text\">Consep volta a tratar do mapa das religi\u00f5es<\/span> Leia mais &raquo;<\/a><\/p>\n","protected":false},"author":83,"featured_media":16415,"comment_status":"open","ping_status":"open","sticky":false,"template":"","format":"standard","meta":{"site-sidebar-layout":"default","site-content-layout":"default","ast-global-header-display":"","ast-banner-title-visibility":"","ast-main-header-display":"","ast-hfb-above-header-display":"","ast-hfb-below-header-display":"","ast-hfb-mobile-header-display":"","site-post-title":"","ast-breadcrumbs-content":"","ast-featured-img":"","footer-sml-layout":"","theme-transparent-header-meta":"","adv-header-id-meta":"","stick-header-meta":"","header-above-stick-meta":"","header-main-stick-meta":"","header-below-stick-meta":""},"categories":[824,744],"tags":[],"acf":[],"_links":{"self":[{"href":"https:\/\/www.cnbb.org.br\/cnbb-app\/wp\/v2\/posts\/16414"}],"collection":[{"href":"https:\/\/www.cnbb.org.br\/cnbb-app\/wp\/v2\/posts"}],"about":[{"href":"https:\/\/www.cnbb.org.br\/cnbb-app\/wp\/v2\/types\/post"}],"author":[{"embeddable":true,"href":"https:\/\/www.cnbb.org.br\/cnbb-app\/wp\/v2\/users\/83"}],"replies":[{"embeddable":true,"href":"https:\/\/www.cnbb.org.br\/cnbb-app\/wp\/v2\/comments?post=16414"}],"version-history":[{"count":0,"href":"https:\/\/www.cnbb.org.br\/cnbb-app\/wp\/v2\/posts\/16414\/revisions"}],"wp:featuredmedia":[{"embeddable":true,"href":"https:\/\/www.cnbb.org.br\/cnbb-app\/wp\/v2\/media\/16415"}],"wp:attachment":[{"href":"https:\/\/www.cnbb.org.br\/cnbb-app\/wp\/v2\/media?parent=16414"}],"wp:term":[{"taxonomy":"category","embeddable":true,"href":"https:\/\/www.cnbb.org.br\/cnbb-app\/wp\/v2\/categories?post=16414"},{"taxonomy":"post_tag","embeddable":true,"href":"https:\/\/www.cnbb.org.br\/cnbb-app\/wp\/v2\/tags?post=16414"}],"curies":[{"name":"wp","href":"https:\/\/api.w.org\/{rel}","templated":true}]}}