{"id":16437,"date":"2013-08-21T00:00:00","date_gmt":"2013-08-21T03:00:00","guid":{"rendered":"https:\/\/www.cnbb.org.br\/consep-discute-texto-sobre-quilombolas-saneamento-basico-e-codigo-da-mineracao\/"},"modified":"2013-08-21T00:00:00","modified_gmt":"2013-08-21T03:00:00","slug":"consep-discute-texto-sobre-quilombolas-saneamento-basico-e-codigo-da-mineracao","status":"publish","type":"post","link":"https:\/\/www.cnbb.org.br\/consep-discute-texto-sobre-quilombolas-saneamento-basico-e-codigo-da-mineracao\/","title":{"rendered":"Consep discute texto sobre quilombolas, saneamento b\u00e1sico e C\u00f3digo da Minera\u00e7\u00e3o"},"content":{"rendered":"<p style=\"text-align: justify\">O presidente da Comiss\u00e3o Episcopal Pastoral para o Servi\u00e7o da Caridade, da Justi\u00e7a e da Paz, dom Guilherme Werlang, apresentou, ontem, 20, ao Conselho Episcopal Pastoral, o Documento 105 da CNBB, intitulado \u201cA Igreja e as comunidades quilombolas\u201d. Segundo dom Guilherme, \u201co texto \u00e9 fruto de um trabalho bastante longo dentro da comiss\u00e3o formada por uma equipe de bispos, padres, leigos, representantes da Pastoral Afro, para elabor\u00e1-lo\u201d.<\/p>\n<p><!--more--><\/p>\n<p style=\"text-align: justify\">O Documento 105 divide-se em tr\u00eas partes, de acordo com o m\u00e9todo \u2018Ver, Julgar e Agir\u2019.\u00a0 Fala sobre a hist\u00f3ria da chegada dos negros ao Brasil, das formas de organiza\u00e7\u00e3o enquanto quilombos, da resist\u00eancia, do direito \u00e0 identidade, das a\u00e7\u00f5es, entre outros assuntos. Para o secret\u00e1rio-geral da CNBB, dom Leonardo Ulrich Steiner, \u00e9 preciso pensar como levar o texto \u00e0s bases, mas tamb\u00e9m como obter delas contribui\u00e7\u00f5es que possam somar \u00e0 reflex\u00e3o sobre o tema.<\/p>\n<p style=\"text-align: justify\">Outra quest\u00e3o importante presente no texto refere-se ao territ\u00f3rio. \u201c\u00c9 parte necess\u00e1ria para que o quilombo possa manter a forma, cultura, religiosidade, a vida deles\u201d, ressaltou dom Guilherme.<\/p>\n<p style=\"text-align: justify\"><strong>Saneamento \u00e9 sa\u00fade<\/strong><\/p>\n<p style=\"text-align: justify\">Ainda ontem, o presidente executivo do Instituto Trata Brasil, \u00c9dison Carlos, apresentou ao Conselho Episcopal Pastoral a campanha \u201cSaneamento \u00e9 sa\u00fade\u201d, que trata dos impactos da falta de saneamento b\u00e1sico na sa\u00fade da popula\u00e7\u00e3o. O objetivo, conforme Carlos, \u00e9 \u201cdisseminar a informa\u00e7\u00e3o de que o saneamento \u00e9 um direito dos brasileiros\u201d.<\/p>\n<p style=\"text-align: justify\">De acordo com dados apresentados por Carlos, 52% da popula\u00e7\u00e3o brasileira ainda n\u00e3o possuem coleta de esgoto e, o maior problema, \u00e9 que 75%\u00a0 das pessoas n\u00e3o fazem cobran\u00e7as. A proposta do Trata Brasil \u00e9, portanto, melhorar a condi\u00e7\u00e3o de vida, reduzir a mortalidade infantil e inserir a sociedade na discuss\u00e3o sobre o saneamento b\u00e1sico. \u201cA maior fonte de contamina\u00e7\u00e3o no Brasil \u00e9 o esgoto. Quem sente isso \u00e9 a popula\u00e7\u00e3o nas formas das mais diferentes doen\u00e7as\u201d, afirmou.<\/p>\n<p style=\"text-align: justify\"><strong>\u00a0C\u00f3digo da Minera\u00e7\u00e3o<\/strong><\/p>\n<p style=\"text-align: justify\">Os bispos e assessores do Consep debateram ainda sobre o novo C\u00f3digo da Minera\u00e7\u00e3o que tramita no Congresso Nacional, com prazo m\u00e1ximo para vota\u00e7\u00e3o em outubro deste ano.\u00a0 \u201cO C\u00f3digo da Minera\u00e7\u00e3o vem sendo discutido pelo governo h\u00e1 muito tempo. O que a gente sente \u00e9 que a sociedade brasileira n\u00e3o foi envolvida na discuss\u00e3o\u201d, explicou dom Leonardo Ulrich Steiner, a respeito do conhecimento da sociedade sobre a elabora\u00e7\u00e3o deste novo c\u00f3digo.<\/p>\n<p style=\"text-align: justify\">Uma das conquistas do Comit\u00ea Nacional em Defesa dos Territ\u00f3rios frente \u00e0 Minera\u00e7\u00e3o, que re\u00fane mais de 100 movimentos sociais e entidades, entre elas a CNBB, por meio da\u00a0 Comiss\u00e3o Brasileira Justi\u00e7a e Paz (CBJP), foi a retirada do car\u00e1ter de urg\u00eancia da vota\u00e7\u00e3o do C\u00f3digo da Minera\u00e7\u00e3o.<\/p>\n<p style=\"text-align: justify\">Para dom Leonardo, a forma como o texto do C\u00f3digo est\u00e1 contemplado n\u00e3o \u00e9 suficiente. Segundo o bispo, as entidades precisam trabalhar propostas muito concretas, pois \u00e9 necess\u00e1rio \u201cdizer quais s\u00e3o as implica\u00e7\u00f5es que o c\u00f3digo tem\u201d, como a destina\u00e7\u00e3o dos lucros e a quest\u00e3o do meio ambiente.<\/p>\n","protected":false},"excerpt":{"rendered":"<p>O presidente da Comiss\u00e3o Episcopal Pastoral para o Servi\u00e7o da Caridade, da Justi\u00e7a e da Paz, dom Guilherme Werlang, apresentou, ontem, 20, ao Conselho Episcopal Pastoral, o Documento 105 da CNBB, intitulado \u201cA Igreja e as comunidades quilombolas\u201d. Segundo dom Guilherme, \u201co texto \u00e9 fruto de um trabalho bastante longo dentro da comiss\u00e3o formada por &hellip;<\/p>\n<p class=\"read-more\"> <a class=\"\" href=\"https:\/\/www.cnbb.org.br\/consep-discute-texto-sobre-quilombolas-saneamento-basico-e-codigo-da-mineracao\/\"> <span class=\"screen-reader-text\">Consep discute texto sobre quilombolas, saneamento b\u00e1sico e C\u00f3digo da Minera\u00e7\u00e3o<\/span> Leia mais &raquo;<\/a><\/p>\n","protected":false},"author":83,"featured_media":16438,"comment_status":"open","ping_status":"open","sticky":false,"template":"","format":"standard","meta":{"site-sidebar-layout":"default","site-content-layout":"default","ast-global-header-display":"","ast-banner-title-visibility":"","ast-main-header-display":"","ast-hfb-above-header-display":"","ast-hfb-below-header-display":"","ast-hfb-mobile-header-display":"","site-post-title":"","ast-breadcrumbs-content":"","ast-featured-img":"","footer-sml-layout":"","theme-transparent-header-meta":"","adv-header-id-meta":"","stick-header-meta":"","header-above-stick-meta":"","header-main-stick-meta":"","header-below-stick-meta":""},"categories":[824,744],"tags":[],"acf":[],"_links":{"self":[{"href":"https:\/\/www.cnbb.org.br\/cnbb-app\/wp\/v2\/posts\/16437"}],"collection":[{"href":"https:\/\/www.cnbb.org.br\/cnbb-app\/wp\/v2\/posts"}],"about":[{"href":"https:\/\/www.cnbb.org.br\/cnbb-app\/wp\/v2\/types\/post"}],"author":[{"embeddable":true,"href":"https:\/\/www.cnbb.org.br\/cnbb-app\/wp\/v2\/users\/83"}],"replies":[{"embeddable":true,"href":"https:\/\/www.cnbb.org.br\/cnbb-app\/wp\/v2\/comments?post=16437"}],"version-history":[{"count":0,"href":"https:\/\/www.cnbb.org.br\/cnbb-app\/wp\/v2\/posts\/16437\/revisions"}],"wp:featuredmedia":[{"embeddable":true,"href":"https:\/\/www.cnbb.org.br\/cnbb-app\/wp\/v2\/media\/16438"}],"wp:attachment":[{"href":"https:\/\/www.cnbb.org.br\/cnbb-app\/wp\/v2\/media?parent=16437"}],"wp:term":[{"taxonomy":"category","embeddable":true,"href":"https:\/\/www.cnbb.org.br\/cnbb-app\/wp\/v2\/categories?post=16437"},{"taxonomy":"post_tag","embeddable":true,"href":"https:\/\/www.cnbb.org.br\/cnbb-app\/wp\/v2\/tags?post=16437"}],"curies":[{"name":"wp","href":"https:\/\/api.w.org\/{rel}","templated":true}]}}