{"id":16501,"date":"2016-09-20T00:00:00","date_gmt":"2016-09-20T03:00:00","guid":{"rendered":"https:\/\/www.cnbb.org.br\/conjugar-a-pratica-da-justica-e-da-misericordia-destaca-dom-sergio\/"},"modified":"2016-09-20T00:00:00","modified_gmt":"2016-09-20T03:00:00","slug":"conjugar-a-pratica-da-justica-e-da-misericordia-destaca-dom-sergio","status":"publish","type":"post","link":"https:\/\/www.cnbb.org.br\/conjugar-a-pratica-da-justica-e-da-misericordia-destaca-dom-sergio\/","title":{"rendered":"\u201cConjugar a pr\u00e1tica da justi\u00e7a e da miseric\u00f3rdia\u201d, destaca dom Sergio"},"content":{"rendered":"<p style=\"text-align: justify\">Reuni\u00e3o do Conselho Episcopal Pastoral acontece em Bras\u00edlia<\/p>\n<p><!--more--><\/p>\n<p style=\"text-align: justify\">Come\u00e7ou nesta ter\u00e7a-feira, dia 20 de setembro, a reuni\u00e3o do Conselho Episcopal Pastoral (Consep) da Confer\u00eancia Nacional dos Bispos do Brasil (CNBB). A celebra\u00e7\u00e3o da palavra abriu as atividades com a reflex\u00e3o a partir do M\u00eas da B\u00edblia, que aborda a profecia de Miqueias e prop\u00f5e como lema \u201cPraticar a justi\u00e7a, amar a miseric\u00f3rdia e caminhar com Deus (cf. Mq 6, 8)\u201d. O arcebispo de Bras\u00edlia (DF) e presidente da CNBB, dom Sergio da Rocha, ressaltou em sua reflex\u00e3o a necessidade de conjugar justi\u00e7a e miseric\u00f3rdia.<\/p>\n<p style=\"text-align: justify\">Dom Sergio motivou os presentes dizendo que o encontro realizado mensalmente com a presid\u00eancia da entidade e os presidentes da 12 Comiss\u00f5es Episcopais Pastorais n\u00e3o \u00e9 somente para cumprir um calend\u00e1rio, mas estar juntos e pensar a evangeliza\u00e7\u00e3o da Igreja no Brasil.<\/p>\n<p style=\"text-align: justify\">Durante a celebra\u00e7\u00e3o, foi feita a leitura de um trecho do cap\u00edtulo 9 do Evangelho de Mateus, quando Jesus se encontra com o evangelista, at\u00e9 ent\u00e3o cobrador de impostos, e o convida a O seguir. Questionado por fariseus do porqu\u00ea de estar \u00e0 mesa com \u201cpublicanos e com os pecadores\u201d, Jesus tem uma resposta. \u201cIde e aprendei o que significam estas palavras: Eu quero a miseric\u00f3rdia e n\u00e3o o sacrif\u00edcio (Os 6,6). Eu n\u00e3o vim chamar os justos, mas os pecadores&#8221;, disse.<\/p>\n<p style=\"text-align: justify\">Em sua reflex\u00e3o, dom Sergio lembrou, primeiramente, que a realiza\u00e7\u00e3o do Consep no M\u00eas da B\u00edblia tem uma motiva\u00e7\u00e3o de maior escuta a Deus e a seu povo. O presidente da CNBB afirmou que a tem\u00e1tica proposta na celebra\u00e7\u00e3o desafia e estimula a praticar a justi\u00e7a, amar a miseric\u00f3rdia e caminhar com Deus.<\/p>\n<p style=\"text-align: justify\">\u201cS\u00e3o aspectos que se completam na busca de escutar Deus, escutar o seu povo. E tem sido um desafio conjugar miseric\u00f3rdia e justi\u00e7a. Eu creio que \u00e9 preciso avan\u00e7ar na compreens\u00e3o e na pr\u00e1tica, j\u00e1 que n\u00e3o s\u00e3o duas realidades que se contrap\u00f5em, s\u00e3o duas dimens\u00f5es da mesma realidade\u201d, afirmou o arcebispo, lembrando das reflex\u00f5es da \u00faltima reuni\u00e3o do Consep e da celebra\u00e7\u00e3o do Jubileu Extraordin\u00e1rio da Miseric\u00f3rdia pela Igreja na Am\u00e9rica Latina, ocorrida no final de agosto, em Bogot\u00e1, na Col\u00f4mbia.<\/p>\n<p style=\"text-align: justify\">Dom Sergio sublinhou que a pr\u00f3pria concep\u00e7\u00e3o b\u00edblica do Ano Jubilar inclui a justi\u00e7a social, o direito dos pobres como parte do aspecto da pr\u00f3pria viv\u00eancia da miseric\u00f3rdia, no caso de conjugar a pr\u00e1tica da miseric\u00f3rdia com a pr\u00e1tica da justi\u00e7a.<\/p>\n<p style=\"text-align: justify\">&#8220;Ent\u00e3o pedimos a Deus essa gra\u00e7a, neste momento da reuni\u00e3o do Consep, de saber conjugar de maneira s\u00e1bia e fiel a pr\u00e1tica da justi\u00e7a e da miseric\u00f3rdia&#8221;, finalizou dom Sergio.<\/p>\n<h3 style=\"text-align: justify\">Reuni\u00e3o<\/h3>\n<p>O Consep trata-se de uma reuni\u00e3o ordin\u00e1ria e os bispos cumprem uma pauta de v\u00e1rios assuntos relacionados \u00e0 realidade atual da Igreja e da sociedade brasileira. O encontro teve in\u00edcio na manh\u00e3 desta ter\u00e7a-feira, 20 de setembro, e se estende at\u00e9 o final da tarde de amanh\u00e3, quarta-feira. Entre os assuntos discutidos na manh\u00e3 desta est\u00e1 a escolha do tema e do lema da Campanha da Fraternidade a ser realizada durante a Quaresma de 2018.<\/p>\n<p><img decoding=\"async\" loading=\"lazy\" class=\" size-full wp-image-30552\" style=\"margin-left: auto;margin-right: auto\" src=\"https:\/\/www.cnbb.org.br\/wp-content\/uploads\/2020\/03\/Consep-set-2016-14-site.jpg\" alt=\"\" width=\"600\" height=\"267\" \/><\/p>\n<p style=\"text-align: justify\">A Campanha da Fraternidade \u00e9 uma iniciativa da Igreja no Brasil que teve in\u00edcio nos primeiros anos da d\u00e9cada de 1960 e sempre traz temas relacionados \u00e0 viv\u00eancia da caridade e da solidariedade humana. Na \u00faltima edi\u00e7\u00e3o da Campanha, neste ano de 2016, as comunidades foram convidadas a refletir, debater e tomar decis\u00f5es concretas de melhoria no campo do saneamento urbano.<\/p>\n<p style=\"text-align: justify\">Os bispos do Conselho refletem sobre o prosseguimento da acolhida pastoral da Exorta\u00e7\u00e3o Apost\u00f3lica P\u00f3s-sinodal Amoris Laetitia do papa Francisco e ainda consideram a possibilidade de fazer uma declara\u00e7\u00e3o ao povo brasileiro sobre a a\u00e7\u00e3o direta de inconstitucionalidade (ADI) movida pela associa\u00e7\u00e3o de defensores p\u00fablicos juntamente com argui\u00e7\u00e3o de descumprimento de preceito fundamental, questionando dispositivos da Lei 13.301\/2016, que trata da ado\u00e7\u00e3o de medidas de vigil\u00e2ncia em sa\u00fade relativas aos v\u00edrus da dengue, <em>chikungunya<\/em> e <em>zika.<\/em><\/p>\n<p>&nbsp;<\/p>\n","protected":false},"excerpt":{"rendered":"<p>Reuni\u00e3o do Conselho Episcopal Pastoral acontece em Bras\u00edlia<\/p>\n","protected":false},"author":83,"featured_media":16502,"comment_status":"open","ping_status":"open","sticky":false,"template":"","format":"standard","meta":{"site-sidebar-layout":"default","site-content-layout":"default","ast-global-header-display":"","ast-banner-title-visibility":"","ast-main-header-display":"","ast-hfb-above-header-display":"","ast-hfb-below-header-display":"","ast-hfb-mobile-header-display":"","site-post-title":"","ast-breadcrumbs-content":"","ast-featured-img":"","footer-sml-layout":"","theme-transparent-header-meta":"","adv-header-id-meta":"","stick-header-meta":"","header-above-stick-meta":"","header-main-stick-meta":"","header-below-stick-meta":""},"categories":[824,744],"tags":[],"acf":[],"_links":{"self":[{"href":"https:\/\/www.cnbb.org.br\/cnbb-app\/wp\/v2\/posts\/16501"}],"collection":[{"href":"https:\/\/www.cnbb.org.br\/cnbb-app\/wp\/v2\/posts"}],"about":[{"href":"https:\/\/www.cnbb.org.br\/cnbb-app\/wp\/v2\/types\/post"}],"author":[{"embeddable":true,"href":"https:\/\/www.cnbb.org.br\/cnbb-app\/wp\/v2\/users\/83"}],"replies":[{"embeddable":true,"href":"https:\/\/www.cnbb.org.br\/cnbb-app\/wp\/v2\/comments?post=16501"}],"version-history":[{"count":0,"href":"https:\/\/www.cnbb.org.br\/cnbb-app\/wp\/v2\/posts\/16501\/revisions"}],"wp:featuredmedia":[{"embeddable":true,"href":"https:\/\/www.cnbb.org.br\/cnbb-app\/wp\/v2\/media\/16502"}],"wp:attachment":[{"href":"https:\/\/www.cnbb.org.br\/cnbb-app\/wp\/v2\/media?parent=16501"}],"wp:term":[{"taxonomy":"category","embeddable":true,"href":"https:\/\/www.cnbb.org.br\/cnbb-app\/wp\/v2\/categories?post=16501"},{"taxonomy":"post_tag","embeddable":true,"href":"https:\/\/www.cnbb.org.br\/cnbb-app\/wp\/v2\/tags?post=16501"}],"curies":[{"name":"wp","href":"https:\/\/api.w.org\/{rel}","templated":true}]}}