{"id":16509,"date":"2009-04-22T00:00:00","date_gmt":"2009-04-22T03:00:00","guid":{"rendered":"https:\/\/www.cnbb.org.br\/assembleia-dos-bispos-comeca-com-celebracao-na-capela-do-mosteiro-da-vila-kostka\/"},"modified":"2020-03-11T16:32:35","modified_gmt":"2020-03-11T19:32:35","slug":"assembleia-dos-bispos-comeca-com-celebracao-na-capela-do-mosteiro-da-vila-kostka","status":"publish","type":"post","link":"https:\/\/www.cnbb.org.br\/assembleia-dos-bispos-comeca-com-celebracao-na-capela-do-mosteiro-da-vila-kostka\/","title":{"rendered":"Assembleia dos bispos come\u00e7a com celebra\u00e7\u00e3o na capela do mosteiro da Vila Kostka"},"content":{"rendered":"<p style=\"text-align: justify\">A 47\u00aa Assembleia Geral dos Bispos ser\u00e1 aberta nesta quarta-feira, 22, com uma celebra\u00e7\u00e3o na Capela Central da Casa de Retiros da Vila Kostka, em Itaici, Indaiatuba (SP), \u00e0s 8h15, dirigida pela presidente da CNBB e arcebispo de Mariana (MG), dom Geraldo Lyrio Rocha. Junto com o presidente estar\u00e3o o vice-presidente, dom Luiz Soares Vieira, o secret\u00e1rio geral, dom Dimas Lara Barbosa e os bispos presidentes dos 17 regionais da CNBB.<\/p>\n<p><!--more--><\/p>\n<p style=\"text-align: justify\">Na prociss\u00e3o de entrada ser\u00e1 carregada a cruz processional, o C\u00edrio Pascal, a imagem de Nossa Senhora Aparecida, um Tr\u00edptico (capelinha mission\u00e1ria), um banner do Ano Catequ\u00e9tico e outro do 12\u00ba Encontro Intereclesial das CEBs.<\/p>\n<p style=\"text-align: justify\">Terminada a celebra\u00e7\u00e3o todos seguir\u00e3o para o audit\u00f3rio Rainha dos Ap\u00f3stolos onde se realizar\u00e3o as sess\u00f5es de trabalho. No primeiro momento de hoje, aberto \u00e0 imprensa, a mesa ser\u00e1 composta pelos bispos da Presid\u00eancia da CNBB; pelo n\u00fancio post\u00f3lico no Brasil, dom Lorenzo Baldisseri; pelo arcebispo de Campinas (SP), dom Bruno Gamberini; pelo diretor da Casa de Retiro Vila Kostka, padre Emmanuel da Silva e pelo vice-prefeito de Itaici, Jo\u00e3o Carlos Pinheiro.<\/p>\n<p style=\"text-align: justify\">Ainda pela manh\u00e3, os bispos aprovar\u00e3o a pauta da assembl\u00e9ia e dom Geraldo Lyrio apresentar\u00e1 o relat\u00f3rio das atividades da Presid\u00eancia no ano de 2008.<\/p>\n<p style=\"text-align: justify\">\u00c0 tarde, as atividades s\u00e3o retomadas \u00e0s 14h30 com uma ora\u00e7\u00e3o na capela. Em seguida haver\u00e1 duas sess\u00f5es em que ser\u00e3o apresentadas as an\u00e1lises de conjuntura social e eclesial. No mesmo hor\u00e1rio haver\u00e1 a primeira coletiva com tr\u00eas bispos a serem indicados pela Assembleia.<\/p>\n<p style=\"text-align: justify\">\u00c0s 18h, haver\u00e1 a missa presidida pelo n\u00fancio apost\u00f3lico no Brasil,dom Lorenzo Baldisseri. Na celebra\u00e7\u00e3o o n\u00fancio far\u00e1 a acolhida simb\u00f3lica dos 22 novos bispos ordenados desde a \u00faltima assembleia.<\/p>\n<p style=\"text-align: justify\">\u00c0 noite, 20h, acontecer\u00e1 a Reuni\u00e3o do Conselho Episcopal Pastoral, e \u00e0s 20:30h ser\u00e1 a Reuni\u00e3o das Comiss\u00f5es Episcopais de Pastoral.<\/p>\n<p style=\"text-align: justify\">As demais celebra\u00e7\u00f5es ser\u00e3o sempre pela manh\u00e3, \u00e0s 7h, exceto no domingo, quando os bispos, encerrando o retiro, far\u00e3o uma peregrina\u00e7\u00e3o \u00e0 Catedral de S\u00e3o Paulo, dentro das comemora\u00e7\u00f5es do Ano Paulino, que se encerra em junho. Na Catedral, participar\u00e3o de uma missa, \u00e0s 15h, presidida pelo cardeal Odilo Pedro Scherer.<\/p>\n","protected":false},"excerpt":{"rendered":"<p>A 47\u00aa Assembleia Geral dos Bispos ser\u00e1 aberta nesta quarta-feira, 22, com uma celebra\u00e7\u00e3o na Capela Central da Casa de Retiros da Vila Kostka, em Itaici, Indaiatuba (SP), \u00e0s 8h15, dirigida pela presidente da CNBB e arcebispo de Mariana (MG), dom Geraldo Lyrio Rocha. Junto com o presidente estar\u00e3o o vice-presidente, dom Luiz Soares Vieira, &hellip;<\/p>\n<p class=\"read-more\"> <a class=\"\" href=\"https:\/\/www.cnbb.org.br\/assembleia-dos-bispos-comeca-com-celebracao-na-capela-do-mosteiro-da-vila-kostka\/\"> <span class=\"screen-reader-text\">Assembleia dos bispos come\u00e7a com celebra\u00e7\u00e3o na capela do mosteiro da Vila Kostka<\/span> Leia mais &raquo;<\/a><\/p>\n","protected":false},"author":83,"featured_media":0,"comment_status":"open","ping_status":"open","sticky":false,"template":"","format":"standard","meta":{"site-sidebar-layout":"default","site-content-layout":"default","ast-global-header-display":"","ast-banner-title-visibility":"","ast-main-header-display":"","ast-hfb-above-header-display":"","ast-hfb-below-header-display":"","ast-hfb-mobile-header-display":"","site-post-title":"","ast-breadcrumbs-content":"","ast-featured-img":"","footer-sml-layout":"","theme-transparent-header-meta":"","adv-header-id-meta":"","stick-header-meta":"","header-above-stick-meta":"","header-main-stick-meta":"","header-below-stick-meta":""},"categories":[807],"tags":[],"acf":[],"_links":{"self":[{"href":"https:\/\/www.cnbb.org.br\/cnbb-app\/wp\/v2\/posts\/16509"}],"collection":[{"href":"https:\/\/www.cnbb.org.br\/cnbb-app\/wp\/v2\/posts"}],"about":[{"href":"https:\/\/www.cnbb.org.br\/cnbb-app\/wp\/v2\/types\/post"}],"author":[{"embeddable":true,"href":"https:\/\/www.cnbb.org.br\/cnbb-app\/wp\/v2\/users\/83"}],"replies":[{"embeddable":true,"href":"https:\/\/www.cnbb.org.br\/cnbb-app\/wp\/v2\/comments?post=16509"}],"version-history":[{"count":0,"href":"https:\/\/www.cnbb.org.br\/cnbb-app\/wp\/v2\/posts\/16509\/revisions"}],"wp:attachment":[{"href":"https:\/\/www.cnbb.org.br\/cnbb-app\/wp\/v2\/media?parent=16509"}],"wp:term":[{"taxonomy":"category","embeddable":true,"href":"https:\/\/www.cnbb.org.br\/cnbb-app\/wp\/v2\/categories?post=16509"},{"taxonomy":"post_tag","embeddable":true,"href":"https:\/\/www.cnbb.org.br\/cnbb-app\/wp\/v2\/tags?post=16509"}],"curies":[{"name":"wp","href":"https:\/\/api.w.org\/{rel}","templated":true}]}}