{"id":16511,"date":"2012-06-17T00:00:00","date_gmt":"2012-06-17T03:00:00","guid":{"rendered":"https:\/\/www.cnbb.org.br\/encontro-nacional-da-vida-monastica-e-contemplativa\/"},"modified":"2020-03-11T16:32:35","modified_gmt":"2020-03-11T19:32:35","slug":"encontro-nacional-da-vida-monastica-e-contemplativa","status":"publish","type":"post","link":"https:\/\/www.cnbb.org.br\/encontro-nacional-da-vida-monastica-e-contemplativa\/","title":{"rendered":"Encontro Nacional da Vida Mon\u00e1stica e Contemplativa"},"content":{"rendered":"<p style=\"text-align: justify\">Teve in\u00edcio na manh\u00e3 deste s\u00e1bado, 16 de junho, o Encontro Nacional da Vida Mon\u00e1stica e Contemplativa, uma organiza\u00e7\u00e3o da Confer\u00eancia Nacional dos Religiosos do Brasil (CRB), a Confer\u00eancia Nacional dos Bispos do Brasil(CNBB) e representantes da Vida Mon\u00e1stica e Contemplativa.<\/p>\n<p><!--more--><\/p>\n<div style=\"text-align: justify\"><\/div>\n<p style=\"text-align: justify\">O encontro acontece no Semin\u00e1rio Santo Afonso, dos Mission\u00e1rios Redentoristas, na cidade de Aparecida(SP).<\/p>\n<div style=\"text-align: justify\"><\/div>\n<p style=\"text-align: justify\">Os religiosos, cerca de 200, deram in\u00edcio as atividades com a ora\u00e7\u00e3o da manh\u00e3 (laudes) presidida pelo Secret\u00e1rio Geral da CNBB e bispo auxiliar da arquidiocese de Bras\u00edlia,, Dom Leonardo Steiner e concelebrada pelo presidente da Comiss\u00e3o para os Minist\u00e9rios Ordenados e a Vida Consagrada e arcebispo de Palmas, Dom Pedro Brito e o bispo referencial para a Vida Consagrada e bispo auxiliar de Porto Alegre, Dom Jaime Spengler.<\/p>\n<div style=\"text-align: justify\"><\/div>\n<p style=\"text-align: justify\">A abertura foi feita pelo secret\u00e1rio geral da CNBB, D.Leonardo Steiner que conduziu o momento. Participaram da mesa o prefeito da Sagrada Congrega\u00e7\u00e3o para os Institutos de Vida Consagrada e as Sociedades de Vida Apost\u00f3lica, Dom Jo\u00e3o Braz de Aviz, o presidente da Confer\u00eancia Nacional dos Bispos do Brasil e arcebispo da arquidiocese de Aparecida, dom Raimundo Damasceno, a presidente da Confer\u00eancia dos Religiosos do Brasil, Ir.M\u00e1rian Ambr\u00f3sio, o presidente da Comiss\u00e3o para os Minist\u00e9rios Ordenados e a Vida Consagrada e arcebispo de Palmas, Dom Pedro Brito, o monge cisterciense e abade em\u00e9rito da Abadia Nossa Senhora de Hardehausen, em Itaporanga, D.Luiz Alberto Ruas Santos e a abadessa beneditina do Mosteiro do Salvador, Me.Vera L\u00facia Parreiras Horta.<\/p>\n<p style=\"text-align: justify\">Em sua fala, D.Raimundo deu as boas-vindas aos participantes e manifestou a alegriaem acolh\u00ea-los na Arquidiocese de Aparecida, destacando que a vida mon\u00e1stica e contemplativa \u00e9 fundamental para a Igreja.<\/p>\n<div style=\"text-align: justify\"><\/div>\n<p style=\"text-align: justify\">\u201cA Igreja depende da ora\u00e7\u00e3o e intercess\u00e3o dos religiosos de vida mon\u00e1stica e contemplativa. Assim como a vida de Cristo em Nazar\u00e9, os contemplativos vivem no escondimento, na humildade, no sil\u00eancio de suas clausuras\u201d, disse.<\/p>\n<p style=\"text-align: justify\">&#8220;A grande marca, a grande riqueza deste evento se concentra num fio de ouro, que \u00e0s vezes suave como um sopro, \u00e0s vezes violento como uma tempestade tem for\u00e7a de nos converter: a Palavra de Deus, fonte de cada ora\u00e7\u00e3o de toda a nossa espiritualidade. Essa Palavra \u00e9 como uma espada de dois gumes, ela nos atinge e \u00e9 como um fogo que arde em n\u00f3s, como a chuva que s\u00f3 volta ao seu lugar depois de ter cumprido a miss\u00e3o de fecundar a nossa vida. Deixemos o nosso cora\u00e7\u00e3o escancarado \u00e0 a\u00e7\u00e3o do Esp\u00edrito Santo.O amor foi a base para fazer acontecer este encontro. Era o nosso grande desejo realiz\u00e1-lo.\u201d Com esta afirma\u00e7\u00e3o, a presidente da CRB, Ir.M\u00e1riam Ambrosio a abertura do enconttro \u00a0a abertura, relatando uma breve mem\u00f3ria da mudan\u00e7a da CRB para Bras\u00edlia, ap\u00f3s 54 anos no Rio de Janeiro e os encontro do Programa de Forma\u00e7\u00e3o para a Vida Mon\u00e1stica e Contemplativa.<\/p>\n<div style=\"text-align: justify\"><\/div>\n<p style=\"text-align: justify\">Esse encontro somente foi poss\u00edvel gra\u00e7as \u00e0 aprova\u00e7\u00e3o e licen\u00e7a especial concedida \u00e0s religiosas de clausura pelo prefeito da Sagrada Congrega\u00e7\u00e3o para os Institutos de Vida Consagrada e as Sociedades de Vida Apost\u00f3lica, Dom Jo\u00e3o Braz de Aviz.<\/p>\n<div style=\"text-align: justify\"><\/div>\n<p style=\"text-align: justify\">O cardeal manifestou a satisfa\u00e7\u00e3o de deixar Roma para estar neste encontro. \u201cEstava ansioso por estar aqui. Sempre amei os religiosos. E em minha pessoa sintam-se aben\u00e7oados pelo Santo Padre Bento XVI\u201d, se expressou.<\/p>\n<div style=\"text-align: justify\"><\/div>\n<p style=\"text-align: justify\">Dom Pedro Brito comentou o empenho da CNBB, da CRB e da Comiss\u00e3o na organiza\u00e7\u00e3o<br \/>\ne realiza\u00e7\u00e3o deste encontro. \u201cEstamos a servi\u00e7o de todos estes organismos e desejamos que a vida mon\u00e1stica e contemplativa atinja maior visibilidade na vida da Igreja. Provocar neste mundo que existem outra formas de vida. N\u00e3o nos esque\u00e7amos da dimens\u00e3o m\u00edstica, vivendo s\u00f3 do ativismo\u201d, completou.<\/p>\n<div style=\"text-align: justify\"><\/div>\n<p style=\"text-align: justify\">O \u00a0biblista e bispo em\u00e9rito de Mogi das Cruzes, D.Paulo Mascarenhas Roxo \u00a0refletiu sobre o lema do encontro: \u201cNossa P\u00e1tria \u00e9 o c\u00e9u!\u201d (Fl 3,20). Nesta ilumina\u00e7\u00e3o b\u00edblica, D. Paulo provocou os participantes com a pergunta: \u201cSer\u00e1 que percebem o c\u00e9u em nossa vida?\u201d ser cidad\u00e3o do c\u00e9u n\u00e3o aliena nem afasta nunca o crist\u00e3o da realidade crua, \u00e0s vezes, dura, da terra, dos irm\u00e3os da terra, do mundo de aqui em baixo.<\/p>\n<div style=\"text-align: justify\">Cidad\u00e3os do c\u00e9u sonham realizar um mundo com o perfume do c\u00e9u, da sua beleza, da sua paz, do seu amor, do seu Deus, do seu Senhor.\u00a0A vida contemplativa \u00e9 profecia que proclama que toda realidade carrega uma dimens\u00e3o de c\u00e9u.\u00a0Nossas comunidades, nossos mosteiros, nossos eremit\u00e9rios s\u00e3o<\/div>\n<p style=\"text-align: justify\">testemunhas do c\u00e9u, buscam uma pequena parte da vida de c\u00e9u, j\u00e1 aqui na terra, sonham ser verdadeiros cidad\u00e3os do c\u00e9u\u201d, confirmou.<\/p>\n<div style=\"text-align: justify\"><\/div>\n<p style=\"text-align: justify\">Para dom Jo\u00e3o Braz, a Vida Religiosa deve manter vivo no cotidiano de sua exist\u00eancia alguns elementos fundamentais para a viv\u00eancia da santidade: a experi\u00eancia profunda do amor de Deus, a dimens\u00e3o trinit\u00e1ria que nos inspira na vivencia da fraternidade com o outro, o diferente, o contexto atual e a obedi\u00eancia religiosa.<\/p>\n<p style=\"text-align: justify\">&#8220;Como religiosa (o), preciso fazer a experi\u00eancia do amor de Deus. Deus \u00e9 amor. Nos tornamos consagrados para responder a um olhar de amor que Deus teve por n\u00f3s. Nos fez deixar tudo porque valia a pena. Brasa. Deus \u00e9 comunidade. Ele resolveu desde sempre o problema da diversidade. Somos imagem de que Deus nos amou (Gn 2,27). Deus criou homem e mulher. Um n\u00e3o \u00e9 menos que o outro. Deus nos criou \u00e0 imagem do amor. A vida inteira \u00e9 uma busca do amor. \u00c0s vezes, erramos onde procurar o amor. Voltar ao relacionamento de amor e nos perguntar: Quem \u00e9 o outro para mim? O outro \u00e9 um problema para mim? O outro \u00e9 a grande oportunidade de eu gerar o outro que \u00e9 Deus e eu s\u00f3 posso gerar sendo dois. O amor \u00e9 Deus. O outro me d\u00e1 a possibilidade de experimentar o amor. Amar o outro como ele quer ser amado. Julgar pertence a Deus\u201d, relatou.<\/p>\n<div style=\"text-align: justify\"><\/div>\n<p style=\"text-align: justify\">Para dom Jo\u00e3o o exerc\u00edcio da obedi\u00eancia \u00e9 exerc\u00edcio das duas partes envolvidas de perceber e buscar qual \u00e9 a vontade de Deus. Para ele o superior precisa ter clareza e discernimento para saber se o que ele vai dizer ou sugerir para seus irm\u00e3os(\u00e3s) \u00e9 de fato a vontade de Deus, pois o poder s\u00f3 tem sentido se \u00e9 servi\u00e7o e se n\u00e3o massacra a pessoa do outro. O s\u00fadito, por sua vez, n\u00e3o deve pecar por omiss\u00e3o. N\u00e3o ajudar o superior a discernir a vontade de Deus, expressando seus sentimentos, \u00e9, segundo ele, prejudicial para que o desejo de Deus se torne realidade.<\/p>\n<div style=\"text-align: justify\"><\/div>\n<p style=\"text-align: justify\">Partilhas em \u00a0grupos e di\u00e1logos com os conferencistas, a Celebra\u00e7\u00e3o Eucar\u00edstica no final da tarde e um momento de vigilia, completaram as atividades do dia.<\/p>\n","protected":false},"excerpt":{"rendered":"<p>Teve in\u00edcio na manh\u00e3 deste s\u00e1bado, 16 de junho, o Encontro Nacional da Vida Mon\u00e1stica e Contemplativa, uma organiza\u00e7\u00e3o da Confer\u00eancia Nacional dos Religiosos do Brasil (CRB), a Confer\u00eancia Nacional dos Bispos do Brasil(CNBB) e representantes da Vida Mon\u00e1stica e Contemplativa.<\/p>\n","protected":false},"author":83,"featured_media":16512,"comment_status":"open","ping_status":"open","sticky":false,"template":"","format":"standard","meta":{"site-sidebar-layout":"default","site-content-layout":"default","ast-global-header-display":"","ast-banner-title-visibility":"","ast-main-header-display":"","ast-hfb-above-header-display":"","ast-hfb-below-header-display":"","ast-hfb-mobile-header-display":"","site-post-title":"","ast-breadcrumbs-content":"","ast-featured-img":"","footer-sml-layout":"","theme-transparent-header-meta":"","adv-header-id-meta":"","stick-header-meta":"","header-above-stick-meta":"","header-main-stick-meta":"","header-below-stick-meta":""},"categories":[807],"tags":[],"acf":[],"_links":{"self":[{"href":"https:\/\/www.cnbb.org.br\/cnbb-app\/wp\/v2\/posts\/16511"}],"collection":[{"href":"https:\/\/www.cnbb.org.br\/cnbb-app\/wp\/v2\/posts"}],"about":[{"href":"https:\/\/www.cnbb.org.br\/cnbb-app\/wp\/v2\/types\/post"}],"author":[{"embeddable":true,"href":"https:\/\/www.cnbb.org.br\/cnbb-app\/wp\/v2\/users\/83"}],"replies":[{"embeddable":true,"href":"https:\/\/www.cnbb.org.br\/cnbb-app\/wp\/v2\/comments?post=16511"}],"version-history":[{"count":0,"href":"https:\/\/www.cnbb.org.br\/cnbb-app\/wp\/v2\/posts\/16511\/revisions"}],"wp:featuredmedia":[{"embeddable":true,"href":"https:\/\/www.cnbb.org.br\/cnbb-app\/wp\/v2\/media\/16512"}],"wp:attachment":[{"href":"https:\/\/www.cnbb.org.br\/cnbb-app\/wp\/v2\/media?parent=16511"}],"wp:term":[{"taxonomy":"category","embeddable":true,"href":"https:\/\/www.cnbb.org.br\/cnbb-app\/wp\/v2\/categories?post=16511"},{"taxonomy":"post_tag","embeddable":true,"href":"https:\/\/www.cnbb.org.br\/cnbb-app\/wp\/v2\/tags?post=16511"}],"curies":[{"name":"wp","href":"https:\/\/api.w.org\/{rel}","templated":true}]}}