{"id":16515,"date":"2012-06-26T00:00:00","date_gmt":"2012-06-26T03:00:00","guid":{"rendered":"https:\/\/www.cnbb.org.br\/mensagem-final-do-encontro-da-vida-monastica-e-contemplativa\/"},"modified":"2020-03-11T16:32:34","modified_gmt":"2020-03-11T19:32:34","slug":"mensagem-final-do-encontro-da-vida-monastica-e-contemplativa","status":"publish","type":"post","link":"https:\/\/www.cnbb.org.br\/mensagem-final-do-encontro-da-vida-monastica-e-contemplativa\/","title":{"rendered":"Mensagem final do Encontro da Vida Mon\u00e1stica e Contemplativa"},"content":{"rendered":"<div style=\"text-align: justify\">\u201cRenovamos nosso compromisso em testemunhar alegremente no sil\u00eancio da vida a for\u00e7a da fidelidade a nossos carismas\u201d, \u00e9 o que afirma a mensagem final do Encontro Nacional da Vida Mon\u00e1stica e Contemplativa, realizado entre os dias 16 a 19 de junho no Semin\u00e1rio Santo Afonso, dos Mission\u00e1rios Redentoristas, em Aparecida (SP).<\/div>\n<div style=\"text-align: justify\"><\/div>\n<p><!--more--><\/p>\n<div style=\"text-align: justify\">\nO evento foi uma iniciativa da Confer\u00eancia dos Religiosos do Brasil (CRB) e Comiss\u00e3o Episcopal Pastoral para os Minist\u00e9rios Ordenados e Vida Consagrada da CNBB e teve como tema \u201cIdentidade, M\u00edstica e Miss\u00e3o\u201d.<\/p>\n<p>A seguir, a \u00edntegra da mensagem final do encontro.<\/p>\n<div style=\"text-align: center\"><span style=\"font-size: 12pt\"><strong>MENSAGEM FINAL<br \/>\nDO ENCONTRO NACIONAL<br \/>\nDA VIDA MON\u00c1STICA E CONTEMPLATIVA<\/strong><br \/>\n(Aparecida\/SP, 16-19 de junho de 2012)<br \/>\n<em>\u201cIDENTIDADE, M\u00cdSTICA E MISS\u00c3O\u201d<br \/>\nNossa p\u00e1tria \u00e9 o c\u00e9u (Fl 3,20)<\/em><br \/>\n<\/span><\/div>\n<p>1.\u00a0\u00a0 \u00a0Reunidos em Aparecida, lugar privilegiado da manifesta\u00e7\u00e3o da f\u00e9 do povo brasileiro, e onde se pode sentir mais de perto a maternidade carinhosa de Maria, por iniciativa da Confer\u00eancia dos Religiosos do Brasil e da Confer\u00eancia Nacional dos Bispos do Brasil, com o incentivo e aprova\u00e7\u00e3o da Congrega\u00e7\u00e3o para os Institutos de Vida Consagrada e Sociedades de Vida Apost\u00f3lica, acolhidos calorosamente pela Igreja Local, expressamos nossa alegria e gratid\u00e3o por esta oportunidade de comunh\u00e3o e conv\u00edvio fraterno, reflex\u00e3o e partilha de experi\u00eancias, ora\u00e7\u00e3o e celebra\u00e7\u00e3o, que nos foram proporcionados. Vemos em tudo isto a solicitude da Igreja para com nossas fam\u00edlias religiosas.<\/p><\/div>\n<div style=\"text-align: justify\">\n2.\u00a0\u00a0 \u00a0Com o tema \u201cidentidade, m\u00edstica e miss\u00e3o\u201d e o lema \u201cnossa p\u00e1tria \u00e9 o c\u00e9u\u201d (Fl 3,20), procuramos aprofundar a compreens\u00e3o de que somos consagrados para responder ao olhar de amor do Senhor por todos n\u00f3s: \u201cn\u00e3o fostes v\u00f3s que me escolhestes, fui eu que vos escolhi\u201d (Jo 15,16). Somos gratos pelo chamado para a vida mon\u00e1stica e contemplativa, partilhado tamb\u00e9m por leigos que vivenciam nosso carisma na realidade secular. Reconhecemos que nossa fidelidade a Jesus exige sempre e de novo decis\u00e3o e empenho, dimens\u00f5es que marcam o povo de Deus que caminha na hist\u00f3ria, buscando corresponder \u00e0 vida de cidad\u00e3os do c\u00e9u (cf. Fl 3,20).<\/div>\n<div style=\"text-align: justify\">\n3.\u00a0\u00a0 \u00a0Empenhamo-nos por aprofundar a compreens\u00e3o de nossa voca\u00e7\u00e3o particular na Igreja, nossa identidade, m\u00edstica e miss\u00e3o; o sentido de perten\u00e7a e fidelidade criativa \u00e0 Tradi\u00e7\u00e3o de nossas fam\u00edlias religiosas, a conserva\u00e7\u00e3o do pr\u00f3prio patrim\u00f4nio espiritual, a comunh\u00e3o como possibilidade de experi\u00eancia real do amor vivido e sua celebra\u00e7\u00e3o di\u00e1ria na liturgia; a dimens\u00e3o comunit\u00e1ria da experi\u00eancia de f\u00e9, a corresponsabilidade no que diz respeito ao \u201c\u00fanico necess\u00e1rio\u201d (Lc 10,42), cientes de que \u201cnossa p\u00e1tria \u00e9 o c\u00e9u\u201d (Fl 3,20). Desejamos conservar, alimentar e aprofundar o amor, a fidelidade e a devo\u00e7\u00e3o filial \u00e0 Igreja, ao sucessor de Pedro, em comunh\u00e3o com a Confer\u00eancia dos Religiosos do Brasil (CRB) e a Confer\u00eancia Nacional dos Bispos do Brasil (CNBB). Possamos, com a gra\u00e7a de Deus, receber a for\u00e7a de tornar vis\u00edvel pelo amor fraterno, a unidade da comunh\u00e3o trinit\u00e1ria que nos abra\u00e7a e aben\u00e7oa. Reconhecemos humildemente a presen\u00e7a entre n\u00f3s de atitudes contr\u00e1rias \u00e0s exig\u00eancias do seguimento radical de Nosso Senhor Jesus Cristo (cf. Fl 3, 18-19). Mas tamb\u00e9m temos a certeza de que Deus escolhe instrumentos fr\u00e1geis para testemunhar no mundo seu amor (cf. 1Cor 1, 27-28), e acreditamos que Sua miseric\u00f3rdia \u00e9 grande (1Pd 1,3).<\/div>\n<div style=\"text-align: justify\">\n4.\u00a0\u00a0 \u00a0Somos desafiados no cotidiano pelas consequ\u00eancias da mudan\u00e7a de \u00e9poca em que nos encontramos. Isso faz com que os crit\u00e9rios de compreens\u00e3o, os valores mais profundos, a partir dos quais se afirmam identidades e se estabelecem a\u00e7\u00f5es e rela\u00e7\u00f5es entrem em crise. Sentimos tal realidade influenciando e desafiando nossa forma de vida. Desejamos, portanto, que nosso testemunho discreto e simples de amor vivido em todas as suas manifesta\u00e7\u00f5es, possa ser resposta oferecida por nossas comunidades religiosas ao mundo. Em especial, com a Igreja, atrav\u00e9s da participa\u00e7\u00e3o em seu mist\u00e9rio pascal e da ascese e da solicitude orante pela humanidade, suas necessidades e inten\u00e7\u00f5es, acolhendo as ang\u00fastias e dores, as alegrias e esperan\u00e7as dos homens e mulheres de nosso tempo.<\/div>\n<div style=\"text-align: justify\">\n5.\u00a0\u00a0 \u00a0Confiamos na for\u00e7a do amor (cf. Ct 8,6). Por isso, \u201ccom os olhos fixos em Jesus\u201d (Hb 12,1), vislumbramos um futuro mais harmonioso nas rela\u00e7\u00f5es entre hierarquia e carisma, dimens\u00f5es constitutivas da Igreja. Incentivamos uma pedagogia de m\u00fatua aprecia\u00e7\u00e3o, desde os semin\u00e1rios e casas de forma\u00e7\u00e3o, at\u00e9 a cria\u00e7\u00e3o de espa\u00e7os de aut\u00eantico di\u00e1logo e m\u00fatua colabora\u00e7\u00e3o.<\/div>\n<div style=\"text-align: justify\">\n6.\u00a0\u00a0 \u00a0Renovamos nosso compromisso em testemunhar alegremente no sil\u00eancio da vida a for\u00e7a da fidelidade a nossos carismas. Por isso, entre express\u00f5es antigas e novas de vida mon\u00e1stica e contemplativa, assumimos o desafio de dar continuidade \u00e0 experi\u00eancia da gratuidade do amor e da comunh\u00e3o entre n\u00f3s e nossas fam\u00edlias religiosas, vivida nestes dias em Aparecida. Propomo-nos favorecer e fomentar o caminho aqui iniciado, sob as b\u00ean\u00e7\u00e3os da Senhora Aparecida, pois, reconhecemos que da Igreja recebemos a f\u00e9 e a consagra\u00e7\u00e3o; e nela, com gratid\u00e3o e alegria, nos consagramos ao Senhor sem reserva, caracter\u00edstica dos adoradores que o Pai procura.<\/div>\n","protected":false},"excerpt":{"rendered":"<p>\u201cRenovamos nosso compromisso em testemunhar alegremente no sil\u00eancio da vida a for\u00e7a da fidelidade a nossos carismas\u201d, \u00e9 o que afirma a mensagem final do Encontro Nacional da Vida Mon\u00e1stica e Contemplativa, realizado entre os dias 16 a 19 de junho no Semin\u00e1rio Santo Afonso, dos Mission\u00e1rios Redentoristas, em Aparecida (SP).<\/p>\n","protected":false},"author":83,"featured_media":16516,"comment_status":"open","ping_status":"open","sticky":false,"template":"","format":"standard","meta":{"site-sidebar-layout":"default","site-content-layout":"default","ast-global-header-display":"","ast-banner-title-visibility":"","ast-main-header-display":"","ast-hfb-above-header-display":"","ast-hfb-below-header-display":"","ast-hfb-mobile-header-display":"","site-post-title":"","ast-breadcrumbs-content":"","ast-featured-img":"","footer-sml-layout":"","theme-transparent-header-meta":"","adv-header-id-meta":"","stick-header-meta":"","header-above-stick-meta":"","header-main-stick-meta":"","header-below-stick-meta":""},"categories":[807],"tags":[],"acf":[],"_links":{"self":[{"href":"https:\/\/www.cnbb.org.br\/cnbb-app\/wp\/v2\/posts\/16515"}],"collection":[{"href":"https:\/\/www.cnbb.org.br\/cnbb-app\/wp\/v2\/posts"}],"about":[{"href":"https:\/\/www.cnbb.org.br\/cnbb-app\/wp\/v2\/types\/post"}],"author":[{"embeddable":true,"href":"https:\/\/www.cnbb.org.br\/cnbb-app\/wp\/v2\/users\/83"}],"replies":[{"embeddable":true,"href":"https:\/\/www.cnbb.org.br\/cnbb-app\/wp\/v2\/comments?post=16515"}],"version-history":[{"count":0,"href":"https:\/\/www.cnbb.org.br\/cnbb-app\/wp\/v2\/posts\/16515\/revisions"}],"wp:featuredmedia":[{"embeddable":true,"href":"https:\/\/www.cnbb.org.br\/cnbb-app\/wp\/v2\/media\/16516"}],"wp:attachment":[{"href":"https:\/\/www.cnbb.org.br\/cnbb-app\/wp\/v2\/media?parent=16515"}],"wp:term":[{"taxonomy":"category","embeddable":true,"href":"https:\/\/www.cnbb.org.br\/cnbb-app\/wp\/v2\/categories?post=16515"},{"taxonomy":"post_tag","embeddable":true,"href":"https:\/\/www.cnbb.org.br\/cnbb-app\/wp\/v2\/tags?post=16515"}],"curies":[{"name":"wp","href":"https:\/\/api.w.org\/{rel}","templated":true}]}}