{"id":16518,"date":"2017-02-16T00:00:00","date_gmt":"2017-02-16T02:00:00","guid":{"rendered":"https:\/\/www.cnbb.org.br\/encontro-nacional-da-vida-consagrada-monastica-e-contemplativa-recebe-inscricoes\/"},"modified":"2020-03-11T16:32:34","modified_gmt":"2020-03-11T19:32:34","slug":"encontro-nacional-da-vida-consagrada-monastica-e-contemplativa-recebe-inscricoes","status":"publish","type":"post","link":"https:\/\/www.cnbb.org.br\/encontro-nacional-da-vida-consagrada-monastica-e-contemplativa-recebe-inscricoes\/","title":{"rendered":"Encontro Nacional da Vida Consagrada Mon\u00e1stica e Contemplativa recebe inscri\u00e7\u00f5es"},"content":{"rendered":"<p style=\"text-align: justify\">Prazo \u00e9 at\u00e9 o dia 18 de fevereiro<\/p>\n<p><!--more--><\/p>\n<p style=\"text-align: justify\">A Confer\u00eancia Nacional dos Bispos do Brasil (CNBB) em parceria com a Confer\u00eancia dos Religiosos do Brasil (CRB) promove o II Encontro Nacional da Vida Consagrada Mon\u00e1stica e Contemplativa, a ser realizado em Aparecida (SP), nos dias 23 a 27 de maio. Com o tema \u201cA Alegria da Consagra\u00e7\u00e3o Mon\u00e1stica e Contemplativa\u201d, o evento pretende ser um momento fraterno de encorajamento e integra\u00e7\u00e3o, mediante o modo como cada religioso vive a sua identidade, dentro da m\u00edstica e miss\u00e3o da vida consagrada nos dias de hoje.<\/p>\n<p style=\"text-align: justify\">Segundo o arcebispo de Porto Alegre (RS) e presidente da Comiss\u00e3o para os Minist\u00e9rios Ordenados e a Vida Consagrada da CNBB, dom Jaime Spengler, o primeiro encontro repercutiu de forma positiva. De acordo com ele, foram os pr\u00f3prios participantes que fizeram o pedido para que houvesse o segundo. \u201cA vida contemplativa \u00e9 uma dimens\u00e3o bonita, vigorosa da vida consagrada e o objetivo desse segundo encontro \u00e9 aproximar os contemplativos e favorecer a reflex\u00e3o em torno de temas caracter\u00edsticos desta forma de vida t\u00e3o bonita na vida da Igreja\u201d, enfatizou.<\/p>\n<p style=\"text-align: justify\">Dentre as atividades a serem executadas durante o encontro est\u00e3o a realiza\u00e7\u00e3o de confer\u00eancias, celebra\u00e7\u00f5es eucar\u00edsticas, partilhas, testemunhos e di\u00e1logos com os conferencistas. Entre os convidados est\u00e1 o prefeito da Congrega\u00e7\u00e3o para os Institutos de Vida Consagrada e Sociedades de Vida Apost\u00f3lica, cardeal Jo\u00e3o Braz de Aviz, que presidir\u00e1 celebra\u00e7\u00e3o eucar\u00edstica na abertura do evento.<\/p>\n<p style=\"text-align: justify\">De acordo com a presidente da CRB, irm\u00e3 Maria In\u00eas, al\u00e9m de reunir todos os carismas, o encontro tamb\u00e9m pretende mostrar a vida intensa que existe nos mosteiros. \u201c\u00c9 tamb\u00e9m mostrar ao mundo que \u00e9 bom viver como monge a servi\u00e7o da Igreja, na ora\u00e7\u00e3o, na entrega ent\u00e3o \u00e9 um momento oportuno, porque v\u00e3o estar todos juntos em Aparecida (SP), de todos os mosteiros do Brasil\u201d, conclui.<\/p>\n<p style=\"text-align: justify\">O II Encontro Nacional da Vida Consagrada Mon\u00e1stica j\u00e1 conta com mais de 200 inscritos de todas as regi\u00f5es do pa\u00eds. Para participar \u00e9 preciso que o interessado fa\u00e7a a inscri\u00e7\u00e3o at\u00e9 o dia 18 de fevereiro no site da CRB. Al\u00e9m disso, \u00e9 necess\u00e1rio encaminhar a ficha de inscri\u00e7\u00e3o para o e-mail: <a href=\"mailto:cerne@crbnacional.org.br.\">cerne@crbnacional.org.br.<\/a>\u00a0Podem se inscrever todos os membros dos Mosteiros de Vida Mon\u00e1stica e Contemplativa do Brasil e de outros pa\u00edses interessados.\u00a0Confira a <a href=\"http:\/\/www.crbnacional.org.br\/index.php\/f-noticias\/3732-programacao-ii-encontro-nacional-da-vida-consagrada-monastica-e-contemplativa\" target=\"_blank\" rel=\"noopener\">programa\u00e7\u00e3o<\/a> no site da CRB.<\/p>\n","protected":false},"excerpt":{"rendered":"<p>Prazo \u00e9 at\u00e9 o dia 18 de fevereiro<\/p>\n","protected":false},"author":83,"featured_media":16519,"comment_status":"open","ping_status":"open","sticky":false,"template":"","format":"standard","meta":{"site-sidebar-layout":"default","site-content-layout":"default","ast-global-header-display":"","ast-banner-title-visibility":"","ast-main-header-display":"","ast-hfb-above-header-display":"","ast-hfb-below-header-display":"","ast-hfb-mobile-header-display":"","site-post-title":"","ast-breadcrumbs-content":"","ast-featured-img":"","footer-sml-layout":"","theme-transparent-header-meta":"","adv-header-id-meta":"","stick-header-meta":"","header-above-stick-meta":"","header-main-stick-meta":"","header-below-stick-meta":""},"categories":[807],"tags":[],"acf":[],"_links":{"self":[{"href":"https:\/\/www.cnbb.org.br\/cnbb-app\/wp\/v2\/posts\/16518"}],"collection":[{"href":"https:\/\/www.cnbb.org.br\/cnbb-app\/wp\/v2\/posts"}],"about":[{"href":"https:\/\/www.cnbb.org.br\/cnbb-app\/wp\/v2\/types\/post"}],"author":[{"embeddable":true,"href":"https:\/\/www.cnbb.org.br\/cnbb-app\/wp\/v2\/users\/83"}],"replies":[{"embeddable":true,"href":"https:\/\/www.cnbb.org.br\/cnbb-app\/wp\/v2\/comments?post=16518"}],"version-history":[{"count":0,"href":"https:\/\/www.cnbb.org.br\/cnbb-app\/wp\/v2\/posts\/16518\/revisions"}],"wp:featuredmedia":[{"embeddable":true,"href":"https:\/\/www.cnbb.org.br\/cnbb-app\/wp\/v2\/media\/16519"}],"wp:attachment":[{"href":"https:\/\/www.cnbb.org.br\/cnbb-app\/wp\/v2\/media?parent=16518"}],"wp:term":[{"taxonomy":"category","embeddable":true,"href":"https:\/\/www.cnbb.org.br\/cnbb-app\/wp\/v2\/categories?post=16518"},{"taxonomy":"post_tag","embeddable":true,"href":"https:\/\/www.cnbb.org.br\/cnbb-app\/wp\/v2\/tags?post=16518"}],"curies":[{"name":"wp","href":"https:\/\/api.w.org\/{rel}","templated":true}]}}