{"id":16525,"date":"2008-11-24T00:00:00","date_gmt":"2008-11-24T02:00:00","guid":{"rendered":"https:\/\/www.cnbb.org.br\/congresso-internacional-da-pontificia-academia-para-a-vida-discute-pessoa-cultura-da-vida-e-cultura-da-morte\/"},"modified":"2020-03-11T16:34:34","modified_gmt":"2020-03-11T19:34:34","slug":"congresso-internacional-da-pontificia-academia-para-a-vida-discute-pessoa-cultura-da-vida-e-cultura-da-morte","status":"publish","type":"post","link":"https:\/\/www.cnbb.org.br\/congresso-internacional-da-pontificia-academia-para-a-vida-discute-pessoa-cultura-da-vida-e-cultura-da-morte\/","title":{"rendered":"Congresso Internacional da Pontif\u00edcia Academia para a Vida discute \u201cPessoa, cultura da vida e cultura da morte\u201d"},"content":{"rendered":"<p style=\"text-align: justify\">Come\u00e7a amanh\u00e3, 25, em Itaici, munic\u00edpio de Indaiatuba (SP) o Congresso Internacional sobre \u201cPessoa, cultura da vida e cultura da morte\u201d. O evento \u00e9 organizado pela Confer\u00eancia Nacional dos Bispos do Brasil (CNBB) em parceria com a Pontif\u00edcia Academia para a Vida (PAV) e tem por objetivo dar continuidade \u00e0 Campanha da Fraternidade deste ano, que abordou o tema \u201cFraternidade e Defesa da Vida\u201d.<\/p>\n<p><!--more--><\/p>\n<p style=\"text-align: justify\">O presidente em\u00e9rito da PAV, dom Elio Sgreccia, abre o evento com Aula Magna na tarde desta ter\u00e7a-feira, sobre Fundamentos Antropol\u00f3gicos para a Bio\u00e9tica. Durante os quatro dias do congresso, que se encerrar\u00e1 no dia 28, ser\u00e3o debatidos temas ligados \u00e0 Bio\u00e9tica como, por exemplo, o uso de c\u00e9lulas-tronco embrion\u00e1rias e a eutan\u00e1sia.<\/p>\n<p style=\"text-align: justify\">Segundo padre An\u00edbal Gil Lopes, membro da PAV, o Congresso \u00e9 uma oportunidade dos bispos, padres e professores de teologia moral e \u00e9tica se aproximar da discuss\u00e3o acad\u00eamica sobre a fundamenta\u00e7\u00e3o cient\u00edfica, na perspectiva cat\u00f3lica, das grandes quest\u00f5es ligadas \u00e0 vida.<\/p>\n<p style=\"text-align: justify\">\u201cUm Congresso como este poder\u00e1 ser um fator extremamente importante para a dissemina\u00e7\u00e3o de id\u00e9ias, argumentos, estudos, subs\u00eddios para que a Igreja possa, nos diferentes continentes, fazer face aos desafios que n\u00e3o s\u00e3o localizados como o aborto e a legaliza\u00e7\u00e3o de uma s\u00e9rie de situa\u00e7\u00f5es que atentam contra a dignidade da vida\u201d, diz o padre.<\/p>\n","protected":false},"excerpt":{"rendered":"<p>Come\u00e7a amanh\u00e3, 25, em Itaici, munic\u00edpio de Indaiatuba (SP) o Congresso Internacional sobre \u201cPessoa, cultura da vida e cultura da morte\u201d. O evento \u00e9 organizado pela Confer\u00eancia Nacional dos Bispos do Brasil (CNBB) em parceria com a Pontif\u00edcia Academia para a Vida (PAV) e tem por objetivo dar continuidade \u00e0 Campanha da Fraternidade deste ano, &hellip;<\/p>\n<p class=\"read-more\"> <a class=\"\" href=\"https:\/\/www.cnbb.org.br\/congresso-internacional-da-pontificia-academia-para-a-vida-discute-pessoa-cultura-da-vida-e-cultura-da-morte\/\"> <span class=\"screen-reader-text\">Congresso Internacional da Pontif\u00edcia Academia para a Vida discute \u201cPessoa, cultura da vida e cultura da morte\u201d<\/span> Leia mais &raquo;<\/a><\/p>\n","protected":false},"author":83,"featured_media":0,"comment_status":"open","ping_status":"open","sticky":false,"template":"","format":"standard","meta":{"site-sidebar-layout":"default","site-content-layout":"default","ast-global-header-display":"","ast-banner-title-visibility":"","ast-main-header-display":"","ast-hfb-above-header-display":"","ast-hfb-below-header-display":"","ast-hfb-mobile-header-display":"","site-post-title":"","ast-breadcrumbs-content":"","ast-featured-img":"","footer-sml-layout":"","theme-transparent-header-meta":"","adv-header-id-meta":"","stick-header-meta":"","header-above-stick-meta":"","header-main-stick-meta":"","header-below-stick-meta":""},"categories":[799],"tags":[],"acf":[],"_links":{"self":[{"href":"https:\/\/www.cnbb.org.br\/cnbb-app\/wp\/v2\/posts\/16525"}],"collection":[{"href":"https:\/\/www.cnbb.org.br\/cnbb-app\/wp\/v2\/posts"}],"about":[{"href":"https:\/\/www.cnbb.org.br\/cnbb-app\/wp\/v2\/types\/post"}],"author":[{"embeddable":true,"href":"https:\/\/www.cnbb.org.br\/cnbb-app\/wp\/v2\/users\/83"}],"replies":[{"embeddable":true,"href":"https:\/\/www.cnbb.org.br\/cnbb-app\/wp\/v2\/comments?post=16525"}],"version-history":[{"count":0,"href":"https:\/\/www.cnbb.org.br\/cnbb-app\/wp\/v2\/posts\/16525\/revisions"}],"wp:attachment":[{"href":"https:\/\/www.cnbb.org.br\/cnbb-app\/wp\/v2\/media?parent=16525"}],"wp:term":[{"taxonomy":"category","embeddable":true,"href":"https:\/\/www.cnbb.org.br\/cnbb-app\/wp\/v2\/categories?post=16525"},{"taxonomy":"post_tag","embeddable":true,"href":"https:\/\/www.cnbb.org.br\/cnbb-app\/wp\/v2\/tags?post=16525"}],"curies":[{"name":"wp","href":"https:\/\/api.w.org\/{rel}","templated":true}]}}