{"id":16534,"date":"2010-05-29T00:00:00","date_gmt":"2010-05-29T03:00:00","guid":{"rendered":"https:\/\/www.cnbb.org.br\/forum-internacional-discute-uniao-de-culturas-pela-paz\/"},"modified":"2020-03-11T16:34:32","modified_gmt":"2020-03-11T19:34:32","slug":"forum-internacional-discute-uniao-de-culturas-pela-paz","status":"publish","type":"post","link":"https:\/\/www.cnbb.org.br\/forum-internacional-discute-uniao-de-culturas-pela-paz\/","title":{"rendered":"F\u00f3rum internacional discute uni\u00e3o de culturas pela paz"},"content":{"rendered":"<p>&nbsp;<\/p>\n<p style=\"text-align: justify\">Termina hoje, no Rio de Janeiro, o 3\u00ba F\u00f3rum da Alian\u00e7a de Civiliza\u00e7\u00f5es, uma iniciativa das Na\u00e7\u00f5es Unidas, que conta com a parceria do governo brasileiro, para reunir pa\u00edses empenhados em repensar as formas de\u00a0 lidar com as tens\u00f5es entre as culturas. O tema da reuni\u00e3o, que come\u00e7ou na quinta-feira, 27, \u00e9 \u201cUnindo as culturas, construindo a paz\u201d.<\/p>\n<p><!--more--><\/p>\n<p style=\"text-align: justify\">O evento do Rio, primeiro a se realizar fora da Europa, d\u00e1 continuidade aos F\u00f3runs realizados em Madri, em 2008, e em Istambul, em 2009. O F\u00f3rum traz para a \u201cAlian\u00e7a de Civiliza\u00e7\u00f5es\u201d um n\u00famero maior de pa\u00edses africanos e da Am\u00e9rica Latina.<\/p>\n<p style=\"text-align: justify\">A Alian\u00e7a de Civiliza\u00e7\u00f5es tem como objetivo ajudar a prevenir as graves dificuldades geradas pelo extremismo, utilizando uma nova abordagem: a supera\u00e7\u00e3o de preconceitos e percep\u00e7\u00f5es equivocadas por meio do estreitamento das rela\u00e7\u00f5es entre sociedades e comunidades de proveni\u00eancia cultural e religiosa diversas.<\/p>\n<p style=\"text-align: justify\">A Rede Inter-religiosa Latino-americana de Educa\u00e7\u00e3o para a Paz (RILEP) participa do F\u00f3rum no Painel \u201cDi\u00e1logo Inter-religioso e constru\u00e7\u00e3o da paz a partir da educa\u00e7\u00e3o religiosa\u201d. A assessora do Setor Ensino Religioso da CNBB, An\u00edsia de Paulo Figueiredo, participa do Painel a convite da RILEP. Ela destacou a import\u00e2ncia do di\u00e1logo inter-religioso para a educa\u00e7\u00e3o completa dos cidad\u00e3os que frequentam a escola. Admitiu que a escola continua a ser um lugar privilegiado de educa\u00e7\u00e3o para a paz.<\/p>\n<p style=\"text-align: justify\">\u201cO di\u00e1logo inter-religioso n\u00e3o perde de vista o desenvolvimento de todas as potencialidades do ser humano, entre as quais est\u00e1 a religiosa. Todas elas interagem e oferecem umas \u00e0s outras valiosas contribui\u00e7\u00f5es para o seu desenvolvimento; trata-se de um desenvolvimento que visa \u00e0 sua maturidade como tal, a sua realiza\u00e7\u00e3o como pessoa e integra\u00e7\u00e3o ao grupo social\u00a0 a que pertence, em todas as suas conting\u00eancias e amplitudes; em tal grupo desempenha um importante papel de agente e destinat\u00e1rio da paz\u201d, disse An\u00edsia.<\/p>\n<p style=\"text-align: justify\">De acordo com a professora, o di\u00e1logo inter-religioso \u201cpressup\u00f5e a linguagem como metodologia, os motivos comuns como indicadores a impulsionar a comunica\u00e7\u00e3o entre os sujeitos, a pedagogia de projetos como ferramenta qualificada para a operacionaliza\u00e7\u00e3o da Proposta Pedag\u00f3gica da Escola e a interdisciplinaridade como princ\u00edpio que rege as a\u00e7\u00f5es comuns, perpassando a comunicade educativa em seu conjunto\u201d.<\/p>\n<p style=\"text-align: justify\">Al\u00e9m da professora An\u00edsia, o assessor da Comiss\u00e3o para o Ecumenismo, padre Elias Wolff, tamb\u00e9m participa do F\u00f3rum, que re\u00fane mais 2 mil pessoas de v\u00e1rias na\u00e7\u00f5es do mundo. O presidente Lula participou da abertura do evento. Segundo o secret\u00e1rio-geral da ONU, Ban Ki-moon, a miss\u00e3o da Alian\u00e7a de Civiliza\u00e7\u00f5es tem como itens mais importantes a promo\u00e7\u00e3o de uma sociedade mais inclusiva, o acesso ao emprego a jovens de todo o Oriente M\u00e9dio, a quest\u00e3o da migra\u00e7\u00e3o na Europa e a difus\u00e3o de uma educa\u00e7\u00e3o mais equitativa para os jovens da \u00c1frica.<\/p>\n<p style=\"text-align: justify\"><span style=\"font-size: 8pt\"><strong><em>Foto: Wilson Dias\/ABr<\/em><\/strong><\/span><\/p>\n","protected":false},"excerpt":{"rendered":"<p>&nbsp; Termina hoje, no Rio de Janeiro, o 3\u00ba F\u00f3rum da Alian\u00e7a de Civiliza\u00e7\u00f5es, uma iniciativa das Na\u00e7\u00f5es Unidas, que conta com a parceria do governo brasileiro, para reunir pa\u00edses empenhados em repensar as formas de\u00a0 lidar com as tens\u00f5es entre as culturas. O tema da reuni\u00e3o, que come\u00e7ou na quinta-feira, 27, \u00e9 \u201cUnindo as &hellip;<\/p>\n<p class=\"read-more\"> <a class=\"\" href=\"https:\/\/www.cnbb.org.br\/forum-internacional-discute-uniao-de-culturas-pela-paz\/\"> <span class=\"screen-reader-text\">F\u00f3rum internacional discute uni\u00e3o de culturas pela paz<\/span> Leia mais &raquo;<\/a><\/p>\n","protected":false},"author":83,"featured_media":16535,"comment_status":"open","ping_status":"open","sticky":false,"template":"","format":"standard","meta":{"site-sidebar-layout":"default","site-content-layout":"default","ast-global-header-display":"","ast-banner-title-visibility":"","ast-main-header-display":"","ast-hfb-above-header-display":"","ast-hfb-below-header-display":"","ast-hfb-mobile-header-display":"","site-post-title":"","ast-breadcrumbs-content":"","ast-featured-img":"","footer-sml-layout":"","theme-transparent-header-meta":"","adv-header-id-meta":"","stick-header-meta":"","header-above-stick-meta":"","header-main-stick-meta":"","header-below-stick-meta":""},"categories":[799],"tags":[],"acf":[],"_links":{"self":[{"href":"https:\/\/www.cnbb.org.br\/cnbb-app\/wp\/v2\/posts\/16534"}],"collection":[{"href":"https:\/\/www.cnbb.org.br\/cnbb-app\/wp\/v2\/posts"}],"about":[{"href":"https:\/\/www.cnbb.org.br\/cnbb-app\/wp\/v2\/types\/post"}],"author":[{"embeddable":true,"href":"https:\/\/www.cnbb.org.br\/cnbb-app\/wp\/v2\/users\/83"}],"replies":[{"embeddable":true,"href":"https:\/\/www.cnbb.org.br\/cnbb-app\/wp\/v2\/comments?post=16534"}],"version-history":[{"count":0,"href":"https:\/\/www.cnbb.org.br\/cnbb-app\/wp\/v2\/posts\/16534\/revisions"}],"wp:featuredmedia":[{"embeddable":true,"href":"https:\/\/www.cnbb.org.br\/cnbb-app\/wp\/v2\/media\/16535"}],"wp:attachment":[{"href":"https:\/\/www.cnbb.org.br\/cnbb-app\/wp\/v2\/media?parent=16534"}],"wp:term":[{"taxonomy":"category","embeddable":true,"href":"https:\/\/www.cnbb.org.br\/cnbb-app\/wp\/v2\/categories?post=16534"},{"taxonomy":"post_tag","embeddable":true,"href":"https:\/\/www.cnbb.org.br\/cnbb-app\/wp\/v2\/tags?post=16534"}],"curies":[{"name":"wp","href":"https:\/\/api.w.org\/{rel}","templated":true}]}}