{"id":16541,"date":"2010-06-11T00:00:00","date_gmt":"2010-06-11T03:00:00","guid":{"rendered":"https:\/\/www.cnbb.org.br\/centro-cultural-missionario-promove-curso-de-formacao-missionaria-para-presbiteros\/"},"modified":"2020-03-11T16:34:31","modified_gmt":"2020-03-11T19:34:31","slug":"centro-cultural-missionario-promove-curso-de-formacao-missionaria-para-presbiteros","status":"publish","type":"post","link":"https:\/\/www.cnbb.org.br\/centro-cultural-missionario-promove-curso-de-formacao-missionaria-para-presbiteros\/","title":{"rendered":"Centro Cultural Mission\u00e1rio promove Curso de Forma\u00e7\u00e3o Mission\u00e1ria para Presb\u00edteros"},"content":{"rendered":"<p style=\"text-align: justify\">O Centro Cultural Mission\u00e1rio (CCM) vai realizar, entre os dias 22 e 31 de julho, um Curso de Teologia, Espiritualidade e Pastoral Mission\u00e1ria para presb\u00edteros, por ocasi\u00e3o do encerramento do Ano Sacerdotal, com o tema \u201cConsagrados e enviados a todos os povos\u201d (Lc 4, 18).<\/p>\n<p><!--more--><\/p>\n<p style=\"text-align: justify\">A forma\u00e7\u00e3o ter\u00e1 a participa\u00e7\u00e3o e o apoio da Pontif\u00edcia Uni\u00e3o Mission\u00e1ria, da Comiss\u00e3o Episcopal Pastoral para os Minist\u00e9rios e a Vida Consagrada, da Comiss\u00e3o Nacional dos Presb\u00edteros (CNP) e da Organiza\u00e7\u00e3o dos Semin\u00e1rios e Institutos do Brasil (OSIB).<\/p>\n<p style=\"text-align: justify\">O curso tem a finalidade de redescobrir o minist\u00e9rio sacerdotal \u00e0 luz da perspectiva mission\u00e1ria, aprimorar o estudo da teologia e da espiritualidade da miss\u00e3o mediante a abordagem de quest\u00f5es fundamentais, fortalecer a consci\u00eancia mission\u00e1ria dos participantes e orient\u00e1-los a uma pr\u00e1tica evangelizadora sempre mais pr\u00f3xima, inculturada, com horizonte universal.<\/p>\n<p style=\"text-align: justify\">A programa\u00e7\u00e3o se desenvolve a partir da narra\u00e7\u00e3o do Evangelho de Lucas que retrata Jesus em Nazar\u00e9 (cf. Lc 4,16-30). A cena revela o projeto essencial da miss\u00e3o de Jesus, a partir do qual se desdobra o compromisso mission\u00e1rio de todo presb\u00edtero.<\/p>\n<p style=\"text-align: justify\">O Curso contar\u00e1 com a participa\u00e7\u00e3o de oito assessores todos aprimorados em teologia, espiritualidade e pr\u00e1tica mission\u00e1ria.<\/p>\n<p style=\"text-align: justify\">Tamb\u00e9m s\u00e3o convidados a participar os presb\u00edteros do Brasil que se sintam capacitados a animar as comunidades a eles confiadas, renovando-as por meio de um aut\u00eantico esp\u00edrito mission\u00e1rio.<\/p>\n<p style=\"text-align: justify\">Mais informa\u00e7\u00f5es e inscri\u00e7\u00f5es, acesse o site: www.ccm.org.br<\/p>\n","protected":false},"excerpt":{"rendered":"<p>O Centro Cultural Mission\u00e1rio (CCM) vai realizar, entre os dias 22 e 31 de julho, um Curso de Teologia, Espiritualidade e Pastoral Mission\u00e1ria para presb\u00edteros, por ocasi\u00e3o do encerramento do Ano Sacerdotal, com o tema \u201cConsagrados e enviados a todos os povos\u201d (Lc 4, 18).<\/p>\n","protected":false},"author":83,"featured_media":16542,"comment_status":"open","ping_status":"open","sticky":false,"template":"","format":"standard","meta":{"site-sidebar-layout":"default","site-content-layout":"default","ast-global-header-display":"","ast-banner-title-visibility":"","ast-main-header-display":"","ast-hfb-above-header-display":"","ast-hfb-below-header-display":"","ast-hfb-mobile-header-display":"","site-post-title":"","ast-breadcrumbs-content":"","ast-featured-img":"","footer-sml-layout":"","theme-transparent-header-meta":"","adv-header-id-meta":"","stick-header-meta":"","header-above-stick-meta":"","header-main-stick-meta":"","header-below-stick-meta":""},"categories":[799],"tags":[],"acf":[],"_links":{"self":[{"href":"https:\/\/www.cnbb.org.br\/cnbb-app\/wp\/v2\/posts\/16541"}],"collection":[{"href":"https:\/\/www.cnbb.org.br\/cnbb-app\/wp\/v2\/posts"}],"about":[{"href":"https:\/\/www.cnbb.org.br\/cnbb-app\/wp\/v2\/types\/post"}],"author":[{"embeddable":true,"href":"https:\/\/www.cnbb.org.br\/cnbb-app\/wp\/v2\/users\/83"}],"replies":[{"embeddable":true,"href":"https:\/\/www.cnbb.org.br\/cnbb-app\/wp\/v2\/comments?post=16541"}],"version-history":[{"count":0,"href":"https:\/\/www.cnbb.org.br\/cnbb-app\/wp\/v2\/posts\/16541\/revisions"}],"wp:featuredmedia":[{"embeddable":true,"href":"https:\/\/www.cnbb.org.br\/cnbb-app\/wp\/v2\/media\/16542"}],"wp:attachment":[{"href":"https:\/\/www.cnbb.org.br\/cnbb-app\/wp\/v2\/media?parent=16541"}],"wp:term":[{"taxonomy":"category","embeddable":true,"href":"https:\/\/www.cnbb.org.br\/cnbb-app\/wp\/v2\/categories?post=16541"},{"taxonomy":"post_tag","embeddable":true,"href":"https:\/\/www.cnbb.org.br\/cnbb-app\/wp\/v2\/tags?post=16541"}],"curies":[{"name":"wp","href":"https:\/\/api.w.org\/{rel}","templated":true}]}}