{"id":16543,"date":"2010-06-24T00:00:00","date_gmt":"2010-06-24T03:00:00","guid":{"rendered":"https:\/\/www.cnbb.org.br\/comissao-brasileira-justica-e-paz-promove-seminario-sobre-direitos-humanos-e-cultura-da-paz\/"},"modified":"2020-03-11T16:34:31","modified_gmt":"2020-03-11T19:34:31","slug":"comissao-brasileira-justica-e-paz-promove-seminario-sobre-direitos-humanos-e-cultura-da-paz","status":"publish","type":"post","link":"https:\/\/www.cnbb.org.br\/comissao-brasileira-justica-e-paz-promove-seminario-sobre-direitos-humanos-e-cultura-da-paz\/","title":{"rendered":"Comiss\u00e3o Brasileira Justi\u00e7a e Paz promove semin\u00e1rio sobre Direitos Humanos e Cultura da Paz"},"content":{"rendered":"<p style=\"text-align: justify\">\u201cEstamos em um grande processo de transforma\u00e7\u00e3o social e temos que nos preparar para essa nova realidade, pois temo que nossa sociedade se transforme numa popula\u00e7\u00e3o de pessoas exclu\u00eddas e excludentes\u201d, destacou o professor e presidente do Instituto de Pesquisas Econ\u00f4micas Aplicadas (IPEA), M\u00e1rcio Poschman, na abertura das palestras do 4\u00ba Semin\u00e1rio Nacional sobre Cultura da Paz.<\/p>\n<p><!--more--><\/p>\n<p style=\"text-align: justify\">O evento, que \u00e9 promovido pela Comiss\u00e3o Brasileira Justi\u00e7a e Paz, organismo vinculado a Confer\u00eancia Nacional dos Bispos do Brasil (CNBB), tem como tema \u201cEconomia e Direitos Humanos: garantir direitos para a promo\u00e7\u00e3o de uma cultura de paz\u201d, come\u00e7ou hoje, 24, e segue at\u00e9 o final da tarde de amanh\u00e3, 25, na Casa de Retiros Assun\u00e7\u00e3o, em Bras\u00edlia.<\/p>\n<p style=\"text-align: justify\">Segundo o presidente do IPEA, M\u00e1rcio<img decoding=\"async\" loading=\"lazy\" class=\" alignright size-full wp-image-5121\" style=\"float: right\" src=\"https:\/\/www.cnbb.org.br\/wp-content\/uploads\/2020\/03\/marcioposchmanculturadapaz.jpg\" alt=\"marcioposchmanculturadapaz\" width=\"137\" height=\"200\" \/>, os Direitos Humanos e a crise econ\u00f4mica caminham lado a lado. Segundo informa\u00e7\u00f5es do professor, a crise mundial est\u00e1 sendo sanada pelos pa\u00edses subdesenvolvidos, fato, segundo M\u00e1rcio, in\u00e9dito na hist\u00f3ria da humanidade. \u201cOs pa\u00edses ricos n\u00e3o conseguem sair da crise e os pobres ou emergentes sanaram boa parte dessa crise, como \u00e9 o caso da China, \u00cdndia e especialmente Brasil, o que \u00e9 absolutamente fant\u00e1stico, um fen\u00f4meno novo, nunca antes visto. O Brasil est\u00e1 diante de uma oportunidade de liderar o mundo a frente de uma grave dificuldade enfrentada pelos pa\u00edses ditos de primeiro mundo\u201d.<\/p>\n<p style=\"text-align: justify\">O presidente do IPEA fez tamb\u00e9m uma an\u00e1lise da mudan\u00e7a de comportamento da sociedade brasileira, informando dados do Instituto projetando duas d\u00e9cadas \u00e0 frente. \u201cO Brasil est\u00e1 diante de uma mudan\u00e7a que n\u00f3s n\u00e3o estamos conseguindo entender. Estamos deixando de ser um pa\u00eds jovem e nos tornamos envelhecidos. Nossos jovens est\u00e3o morrendo cada vez mais cedo, o que n\u00e3o \u00e9 bom para uma na\u00e7\u00e3o em franco crescimento. Al\u00e9m disso, houve uma queda enorme da fecundidade das nossas mulheres. Hoje o Brasil conta com 190 milh\u00f5es de habitantes. Em 1990, projetamos que chegar\u00edamos em 2030 com uma popula\u00e7\u00e3o de 270 milh\u00f5es de habitantes. Refizemos os c\u00e1lculos com os dados atuais e constatamos uma queda de 63 milh\u00f5es de habitantes, chegando \u00e0 marca de 207 milh\u00f5es em 2030. Em 2008 t\u00ednhamos 3 milh\u00f5es de idosos, em 2030 ser\u00e3o 30 milh\u00f5es\u201d, enfatizou.<\/p>\n<p style=\"text-align: justify\">Outro dado levantado pelo professor M\u00e1rcio Poschman \u00e9 sobre o distanciamento afetivo do brasileiro devido ao crescimento tecnol\u00f3gico. \u201cTemos que reconstruir os la\u00e7os humanos de afetividade. Temos tempo para ficar em frente ao computador durante 10 horas seguidas e n\u00e3o temos tempo de conversar com nossos parceiros (as), nem com nossos filhos, fato que nos torna uma sociedade rob\u00f3tica, sem sentimentos pelo pr\u00f3ximo\u201d.<\/p>\n<p style=\"text-align: justify\">Para a irm\u00e3 Sueli Belloto, uma das participantes do semin\u00e1rio, o encontro mostra diferentes realidades do Brasil, refletindo tamb\u00e9m, segundo a irm\u00e3, o descaso dos governantes com os Direitos Humanos. \u201cVejo como muito grave a situa\u00e7\u00e3o dos direitos humanos no pa\u00eds, principalmente da viol\u00eancia contra as crian\u00e7as e jovens; pelos que est\u00e3o nas fronteiras; pelas cidades que acolhem os pres\u00eddios federais; pelos conflitos agr\u00e1rios; pela venda e consumo de drogas l\u00edcitas e il\u00edcitas e pela corrup\u00e7\u00e3o dos governantes e legisladores\u201d.<\/p>\n<p style=\"text-align: justify\">Segundo os representantes da Comiss\u00e3o Brasileira Justi\u00e7a e Paz de Bel\u00e9m do Par\u00e1 e da ilha de Maraj\u00f3 (PA), respectivamente, Steffen von Grapp II e irm\u00e3 Rita Raboin, a quest\u00e3o dos Direitos Humanos no estado do Par\u00e1, especialmente na ilha de Maraj\u00f3, \u00e9 degradante. \u201cNossas mulheres, de 15 a 40 anos, trabalham at\u00e9 72 horas semanais como empregadas dom\u00e9sticas. Muitas dessas s\u00e3o abusadas sexualmente pelos patr\u00f5es. Temos um \u00edndice de 80% de desempregados em nossa regi\u00e3o\u201d, afirmou a irm\u00e3 Rita. J\u00e1 para o advogado Steffen, que cuida dos casos de abusos sexuais contra menores na ilha de Maraj\u00f3, as viola\u00e7\u00f5es dos Direitos Humanos s\u00e3o muito graves e est\u00e3o descontrolados. \u201cSabemos que h\u00e1 uma rede de corrup\u00e7\u00e3o e explora\u00e7\u00e3o de menores em nosso estado. As crian\u00e7as s\u00e3o abusadas e em sua maioria ficam em sil\u00eancio por serem pessoas carentes, sem condi\u00e7\u00f5es, ou vivem em \u00e1reas sem estrutura m\u00ednima de aten\u00e7\u00e3o do estado brasileiro. Para se ter ideia da precariedade de condi\u00e7\u00f5es e pobreza de recursos, 75% dos m\u00e9dicos do estado do Par\u00e1 atuam na capital, Bel\u00e9m. O restante dos munic\u00edpios fica a merc\u00ea dos poucos profissionais que se habilitam a atuar em \u00e1reas isoladas. \u00c9 por esses motivos que estamos na luta contra essas desigualdades t\u00e3o marcantes que nosso pa\u00eds nos proporciona\u201d, ressaltou Steffen.<\/p>\n<h2 style=\"text-align: justify\"><a href=\"http:\/\/www.flickr.com\/photos\/cnbbnacional\/sets\/72157624222792227\/\" target=\"_blank\" rel=\"noopener noreferrer\">Confira as fotos no Flick<span style=\"color: #ff0000\">r<\/span>.<\/a><\/h2>\n","protected":false},"excerpt":{"rendered":"<p>\u201cEstamos em um grande processo de transforma\u00e7\u00e3o social e temos que nos preparar para essa nova realidade, pois temo que nossa sociedade se transforme numa popula\u00e7\u00e3o de pessoas exclu\u00eddas e excludentes\u201d, destacou o professor e presidente do Instituto de Pesquisas Econ\u00f4micas Aplicadas (IPEA), M\u00e1rcio Poschman, na abertura das palestras do 4\u00ba Semin\u00e1rio Nacional sobre Cultura &hellip;<\/p>\n<p class=\"read-more\"> <a class=\"\" href=\"https:\/\/www.cnbb.org.br\/comissao-brasileira-justica-e-paz-promove-seminario-sobre-direitos-humanos-e-cultura-da-paz\/\"> <span class=\"screen-reader-text\">Comiss\u00e3o Brasileira Justi\u00e7a e Paz promove semin\u00e1rio sobre Direitos Humanos e Cultura da Paz<\/span> Leia mais &raquo;<\/a><\/p>\n","protected":false},"author":83,"featured_media":16544,"comment_status":"open","ping_status":"open","sticky":false,"template":"","format":"standard","meta":{"site-sidebar-layout":"default","site-content-layout":"default","ast-global-header-display":"","ast-banner-title-visibility":"","ast-main-header-display":"","ast-hfb-above-header-display":"","ast-hfb-below-header-display":"","ast-hfb-mobile-header-display":"","site-post-title":"","ast-breadcrumbs-content":"","ast-featured-img":"","footer-sml-layout":"","theme-transparent-header-meta":"","adv-header-id-meta":"","stick-header-meta":"","header-above-stick-meta":"","header-main-stick-meta":"","header-below-stick-meta":""},"categories":[799],"tags":[],"acf":[],"_links":{"self":[{"href":"https:\/\/www.cnbb.org.br\/cnbb-app\/wp\/v2\/posts\/16543"}],"collection":[{"href":"https:\/\/www.cnbb.org.br\/cnbb-app\/wp\/v2\/posts"}],"about":[{"href":"https:\/\/www.cnbb.org.br\/cnbb-app\/wp\/v2\/types\/post"}],"author":[{"embeddable":true,"href":"https:\/\/www.cnbb.org.br\/cnbb-app\/wp\/v2\/users\/83"}],"replies":[{"embeddable":true,"href":"https:\/\/www.cnbb.org.br\/cnbb-app\/wp\/v2\/comments?post=16543"}],"version-history":[{"count":0,"href":"https:\/\/www.cnbb.org.br\/cnbb-app\/wp\/v2\/posts\/16543\/revisions"}],"wp:featuredmedia":[{"embeddable":true,"href":"https:\/\/www.cnbb.org.br\/cnbb-app\/wp\/v2\/media\/16544"}],"wp:attachment":[{"href":"https:\/\/www.cnbb.org.br\/cnbb-app\/wp\/v2\/media?parent=16543"}],"wp:term":[{"taxonomy":"category","embeddable":true,"href":"https:\/\/www.cnbb.org.br\/cnbb-app\/wp\/v2\/categories?post=16543"},{"taxonomy":"post_tag","embeddable":true,"href":"https:\/\/www.cnbb.org.br\/cnbb-app\/wp\/v2\/tags?post=16543"}],"curies":[{"name":"wp","href":"https:\/\/api.w.org\/{rel}","templated":true}]}}