{"id":16576,"date":"2014-03-28T00:00:00","date_gmt":"2014-03-28T03:00:00","guid":{"rendered":"https:\/\/www.cnbb.org.br\/cultura-vocacional-e-tema-de-formacao-no-centro-cultural-missionario\/"},"modified":"2020-03-11T16:34:26","modified_gmt":"2020-03-11T19:34:26","slug":"cultura-vocacional-e-tema-de-formacao-no-centro-cultural-missionario","status":"publish","type":"post","link":"https:\/\/www.cnbb.org.br\/cultura-vocacional-e-tema-de-formacao-no-centro-cultural-missionario\/","title":{"rendered":"Cultura vocacional \u00e9 tema de forma\u00e7\u00e3o no CCM"},"content":{"rendered":"<p style=\"text-align: justify\">O Centro Cultural Mission\u00e1rio (CCM), a Confer\u00eancia dos Religiosos do Brasil (CRB) e a Comiss\u00e3o Episcopal Pastoral para os Minist\u00e9rios Ordenados e a Vida Consagrada realizaram,\u00a0 de 24 a 28 de mar\u00e7o,\u00a0\u00a0 a 3\u00aa\u00a0Semana Vocacional Mission\u00e1ria para animadoras e animadores vocacionais. O evento teve como objetivo qualificar os servi\u00e7os de anima\u00e7\u00e3o vocacional frente \u00e0s mudan\u00e7as socioculturais na sociedade e na Igreja no Brasil.<\/p>\n<p><!--more--><\/p>\n<p style=\"text-align: justify\">\u00a0Mais de 50 pessoas de diversos lugares do Brasil, entre padres, religiosas, religiosos e leigos, participaram do encontro. De acordo com organizadores, \u201ca 3\u00ba Semana Vocacional Mission\u00e1ria quis construir uma cultura vocacional, como express\u00e3o de uma Igreja em permanente estado de miss\u00e3o\u201d.<\/p>\n<p style=\"text-align: justify\">O diretor do CCM, padre Est\u00eav\u00e3o Raschietti, apresentou o tema \u201cIgreja em estado permanente de miss\u00e3o: contexto para construir cultura vocacional\u201d. Raschietti salientou a import\u00e2ncia da dimens\u00e3o mission\u00e1ria e peregrina da Igreja. \u201cDeus continua chamando, \u00e9 Ele que faz a miss\u00e3o\u201d, afirmou.<\/p>\n<p style=\"text-align: justify\">\u201cTeologia e espiritualidade para uma cultura vocacional mission\u00e1ria Latino-americana\u201d foi o tema desenvolvido, no dia 26, pelo assessor da Comiss\u00e3o Episcopal para os Minist\u00e9rios Ordenados e a Vida Consagrada da CNBB, padre Valdecir Ferreira. \u201cCaminhos e orienta\u00e7\u00f5es pedag\u00f3gicas para a Pastoral Vocacional Mission\u00e1ria\u201d foi outro tema abordado pela irm\u00e3 Nilza F\u00e1tima de Moraes durante o evento.<\/p>\n<p style=\"text-align: justify\">No \u00faltimo dia do curso, os participantes tra\u00e7aram propostas concretas de a\u00e7\u00e3o para o trabalho vocacional mission\u00e1rio aplicadas \u00e0 realidade de cada um dos presentes.<\/p>\n<p style=\"text-align: justify\">Fonte: CNBB \/ POM<\/p>\n","protected":false},"excerpt":{"rendered":"<p>O Centro Cultural Mission\u00e1rio (CCM), a Confer\u00eancia dos Religiosos do Brasil (CRB) e a Comiss\u00e3o Episcopal Pastoral para os Minist\u00e9rios Ordenados e a Vida Consagrada realizaram,\u00a0 de 24 a 28 de mar\u00e7o,\u00a0\u00a0 a 3\u00aa\u00a0Semana Vocacional Mission\u00e1ria para animadoras e animadores vocacionais. O evento teve como objetivo qualificar os servi\u00e7os de anima\u00e7\u00e3o vocacional frente \u00e0s mudan\u00e7as &hellip;<\/p>\n<p class=\"read-more\"> <a class=\"\" href=\"https:\/\/www.cnbb.org.br\/cultura-vocacional-e-tema-de-formacao-no-centro-cultural-missionario\/\"> <span class=\"screen-reader-text\">Cultura vocacional \u00e9 tema de forma\u00e7\u00e3o no CCM<\/span> Leia mais &raquo;<\/a><\/p>\n","protected":false},"author":83,"featured_media":16577,"comment_status":"open","ping_status":"open","sticky":false,"template":"","format":"standard","meta":{"site-sidebar-layout":"default","site-content-layout":"default","ast-global-header-display":"","ast-banner-title-visibility":"","ast-main-header-display":"","ast-hfb-above-header-display":"","ast-hfb-below-header-display":"","ast-hfb-mobile-header-display":"","site-post-title":"","ast-breadcrumbs-content":"","ast-featured-img":"","footer-sml-layout":"","theme-transparent-header-meta":"","adv-header-id-meta":"","stick-header-meta":"","header-above-stick-meta":"","header-main-stick-meta":"","header-below-stick-meta":""},"categories":[799],"tags":[],"acf":[],"_links":{"self":[{"href":"https:\/\/www.cnbb.org.br\/cnbb-app\/wp\/v2\/posts\/16576"}],"collection":[{"href":"https:\/\/www.cnbb.org.br\/cnbb-app\/wp\/v2\/posts"}],"about":[{"href":"https:\/\/www.cnbb.org.br\/cnbb-app\/wp\/v2\/types\/post"}],"author":[{"embeddable":true,"href":"https:\/\/www.cnbb.org.br\/cnbb-app\/wp\/v2\/users\/83"}],"replies":[{"embeddable":true,"href":"https:\/\/www.cnbb.org.br\/cnbb-app\/wp\/v2\/comments?post=16576"}],"version-history":[{"count":0,"href":"https:\/\/www.cnbb.org.br\/cnbb-app\/wp\/v2\/posts\/16576\/revisions"}],"wp:featuredmedia":[{"embeddable":true,"href":"https:\/\/www.cnbb.org.br\/cnbb-app\/wp\/v2\/media\/16577"}],"wp:attachment":[{"href":"https:\/\/www.cnbb.org.br\/cnbb-app\/wp\/v2\/media?parent=16576"}],"wp:term":[{"taxonomy":"category","embeddable":true,"href":"https:\/\/www.cnbb.org.br\/cnbb-app\/wp\/v2\/categories?post=16576"},{"taxonomy":"post_tag","embeddable":true,"href":"https:\/\/www.cnbb.org.br\/cnbb-app\/wp\/v2\/tags?post=16576"}],"curies":[{"name":"wp","href":"https:\/\/api.w.org\/{rel}","templated":true}]}}