{"id":16590,"date":"2016-10-13T00:00:00","date_gmt":"2016-10-13T03:00:00","guid":{"rendered":"https:\/\/www.cnbb.org.br\/celebracao-mariana-recorda-atividades-das-comissoes-episcopais-da-cnbb\/"},"modified":"2020-03-11T16:34:24","modified_gmt":"2020-03-11T19:34:24","slug":"celebracao-mariana-recorda-atividades-das-comissoes-episcopais-da-cnbb","status":"publish","type":"post","link":"https:\/\/www.cnbb.org.br\/celebracao-mariana-recorda-atividades-das-comissoes-episcopais-da-cnbb\/","title":{"rendered":"Celebra\u00e7\u00e3o Mariana recorda atividades das Comiss\u00f5es Episcopais da CNBB"},"content":{"rendered":"<p style=\"text-align: justify\">Assessores e colaboradores preparam anivers\u00e1rio da Confer\u00eancia com ora\u00e7\u00f5es em honra a Nossa Senhora Aparecida<\/p>\n<p><!--more--><\/p>\n<p style=\"text-align: justify\">Na v\u00e9spera do anivers\u00e1rio de 64 anos da Confer\u00eancia Nacional dos Bispos do Brasil (CNBB), os assessores nacionais das Comiss\u00f5es Episcopais de Pastoral da entidade preparam o momento de ora\u00e7\u00e3o e reflex\u00e3o com a imagem peregrina de Nossa Senhora Aparecida nos departamentos da sede da Confer\u00eancia. Nesta quinta-feira, 13, foi o oitavo dia da iniciativa relacionada \u00e0s celebra\u00e7\u00f5es da abertura do Ano Nacional Mariano, da festa da Padroeira do Brasil e o anivers\u00e1rio da CNBB.<\/p>\n<p style=\"text-align: justify\">O momento foi conduzido pelo assessor da Comiss\u00e3o Episcopal Pastoral para a Juventude da CNBB, padre Ant\u00f4nio Ramos do Prado. As religiosas Filhas do Amor Divino, que atuam na sede da Confer\u00eancia auxiliando nas atividades, preparam o ambiente da capela e um altar que recebeu a imagem de Nossa Senhora Aparecida e materiais que simbolizam o trabalho de cada Comiss\u00e3o da entidade. Foram colocados cartazes, documentos, quadros e outros objetos lembrando as realidades de miss\u00e3o e os fundamentos para realiza\u00e7\u00e3o da a\u00e7\u00e3o evangelizadora em cada contexto.<\/p>\n<p style=\"text-align: justify\">Proposta a passagem do evangelho de Lucas, quando Jesus responde aos que lhe informam que sua m\u00e3e e seus irm\u00e3os estavam \u00e0 sua procura que estes s\u00e3o os \u201cque ouvem a Palavra de Deus e a p\u00f5em em pr\u00e1tica\u201d, houve a reflex\u00e3o do subsecret\u00e1rio adjunto de Pastoral da CNBB, monsenhor Ant\u00f4nio Luiz Catelan Ferreira.<\/p>\n<p style=\"text-align: justify\">Para Catelan, a frase dita por Jesus pode parecer chocante, \u201cmas o que ele fez foi alargar conceito de maternidade e fraternidade\u201d. Recordando uma frase de Santo Agostinho sobre o evangelho proclamado, explicou que Maria, antes de receber Jesus, a Palavra de Deus, em seu ventre, o recebeu em seu cora\u00e7\u00e3o. \u201cGerou antes a Palavra de Deus no cora\u00e7\u00e3o e s\u00f3 depois no seu ventre\u201d, disse. Gerar Cristo em seu ventre foi um privil\u00e9gio de Nossa Senhora, mas \u00e9 poss\u00edvel a todos \u201cacolher a palavra no cora\u00e7\u00e3o\u201d, ressaltou o padre.<\/p>\n<p style=\"text-align: justify\">\u201cE, ao ir acolhendo a palavra de Deus em n\u00f3s a cada dia, aos pouquinhos, no vai-e-vem da vida, nos altos e baixos, nas corridas e trope\u00e7os, acolhendo a palavra de Deus, vai gerando em n\u00f3s familiaridade, estamos passando a fazer parte cada vez mais da fam\u00edlia de Jesus e por isso podemos ser chamados membros de sua fam\u00edlia, como seus irm\u00e3os\u201d, refletiu Catelan. \u201cE como ele vai sendo gerado em n\u00f3s e atrav\u00e9s de n\u00f3s, do nosso testemunho vai sendo dado aos outros, podemos tamb\u00e9m ser chamados de \u2018m\u00e3es\u2019 de Jesus nesse sentido: ele \u00e9 formado em n\u00f3s e dado aos outros em testemunho\u201d, continuou.<\/p>\n<p style=\"text-align: justify\">O subsecret\u00e1rio adjunto de Pastoral da CNBB concluiu sugerindo que o amor pela Palavra de Deus, a exemplo da virgem Maria que disse \u2018fa\u00e7a-se em mim segundo a vossa palavra\u2019, cres\u00e7a a cada dia e cada um tenha por ela \u201cmuito respeito, muita venera\u00e7\u00e3o, que possamos l\u00ea-la com frequ\u00eancia, deixar que ela inspire nossas ora\u00e7\u00f5es e guie a nossa vida\u201d.<\/p>\n<p style=\"text-align: justify\">Nesta sexta-feira, dia 14, haver\u00e1 uma programa\u00e7\u00e3o especial para celebra\u00e7\u00e3o dos 64 anos da CNBB, com momentos de ora\u00e7\u00e3o, confraterniza\u00e7\u00e3o e atividades culturais.<\/p>\n<p style=\"text-align: justify\">\n<p>&nbsp;<\/p>\n","protected":false},"excerpt":{"rendered":"<p>Assessores e colaboradores preparam anivers\u00e1rio da Confer\u00eancia com ora\u00e7\u00f5es em honra a Nossa Senhora Aparecida<\/p>\n","protected":false},"author":83,"featured_media":16591,"comment_status":"open","ping_status":"open","sticky":false,"template":"","format":"standard","meta":{"site-sidebar-layout":"default","site-content-layout":"default","ast-global-header-display":"","ast-banner-title-visibility":"","ast-main-header-display":"","ast-hfb-above-header-display":"","ast-hfb-below-header-display":"","ast-hfb-mobile-header-display":"","site-post-title":"","ast-breadcrumbs-content":"","ast-featured-img":"","footer-sml-layout":"","theme-transparent-header-meta":"","adv-header-id-meta":"","stick-header-meta":"","header-above-stick-meta":"","header-main-stick-meta":"","header-below-stick-meta":""},"categories":[799],"tags":[],"acf":[],"_links":{"self":[{"href":"https:\/\/www.cnbb.org.br\/cnbb-app\/wp\/v2\/posts\/16590"}],"collection":[{"href":"https:\/\/www.cnbb.org.br\/cnbb-app\/wp\/v2\/posts"}],"about":[{"href":"https:\/\/www.cnbb.org.br\/cnbb-app\/wp\/v2\/types\/post"}],"author":[{"embeddable":true,"href":"https:\/\/www.cnbb.org.br\/cnbb-app\/wp\/v2\/users\/83"}],"replies":[{"embeddable":true,"href":"https:\/\/www.cnbb.org.br\/cnbb-app\/wp\/v2\/comments?post=16590"}],"version-history":[{"count":0,"href":"https:\/\/www.cnbb.org.br\/cnbb-app\/wp\/v2\/posts\/16590\/revisions"}],"wp:featuredmedia":[{"embeddable":true,"href":"https:\/\/www.cnbb.org.br\/cnbb-app\/wp\/v2\/media\/16591"}],"wp:attachment":[{"href":"https:\/\/www.cnbb.org.br\/cnbb-app\/wp\/v2\/media?parent=16590"}],"wp:term":[{"taxonomy":"category","embeddable":true,"href":"https:\/\/www.cnbb.org.br\/cnbb-app\/wp\/v2\/categories?post=16590"},{"taxonomy":"post_tag","embeddable":true,"href":"https:\/\/www.cnbb.org.br\/cnbb-app\/wp\/v2\/tags?post=16590"}],"curies":[{"name":"wp","href":"https:\/\/api.w.org\/{rel}","templated":true}]}}