{"id":16621,"date":"2009-12-02T00:00:00","date_gmt":"2009-12-02T02:00:00","guid":{"rendered":"https:\/\/www.cnbb.org.br\/bispos-africanos-denunciam-aumento-da-pobreza-em-seus-paises\/"},"modified":"2009-12-02T00:00:00","modified_gmt":"2009-12-02T02:00:00","slug":"bispos-africanos-denunciam-aumento-da-pobreza-em-seus-paises","status":"publish","type":"post","link":"https:\/\/www.cnbb.org.br\/bispos-africanos-denunciam-aumento-da-pobreza-em-seus-paises\/","title":{"rendered":"Bispos africanos denunciam aumento da pobreza em seus pa\u00edses"},"content":{"rendered":"<p style=\"text-align: justify\">\n<p>&#8220;Foram realizados grandes progressos, mas ainda restam as preocupa\u00e7\u00f5es por causa das dificuldades e <!--more--> problemas que podem afetar o bem-estar das popula\u00e7\u00f5es e o desenvolvimento integral das pessoas&#8221;, \u00e9 o que afirmam os bispos das Confer\u00eancias Episcopais do Senegal, Maurit\u00e2nia, Cabo Verde e Guin\u00e9-Bissau no comunicado final da assembleia anual recentemente conclu\u00edda em Kolda, no Senegal.<\/p>\n<p style=\"text-align: justify\">Com a ajuda de especialistas, os bispos avaliaram a situa\u00e7\u00e3o social de seus pa\u00edses e reconheceram como progressos ineg\u00e1veis as melhorias no campo da democracia e do desenvolvimento humano.<\/p>\n<p style=\"text-align: justify\">Entre os problemas mais graves, os bispos ressaltam no documento o aumento da pobreza por causa da falta de uma real educa\u00e7\u00e3o pol\u00edtica, social, agr\u00edcola e industrial, os compromissos n\u00e3o mantidos pelos pol\u00edticos, a corrup\u00e7\u00e3o, inseguran\u00e7a, aumento da instabilidade pol\u00edtica que impede a reconcilia\u00e7\u00e3o, a justi\u00e7a, a paz e o desenvolvimento.<\/p>\n<p style=\"text-align: justify\">Segundo a nota, os bispos refletiram sobre as proposi\u00e7\u00f5es finais da Assembleia Especial para a \u00c1frica do S\u00ednodo dos Bispos, realizada no Vaticano, em outubro passado, e sobre a Carta Pastoral para a Quaresma 2010 intitulada &#8220;Quaresma crist\u00e3, caminho de fidelidade. Fidelidade a Cristo, fidelidade ao sacerd\u00f3cio&#8221;.<\/p>\n<p style=\"text-align: justify\">Os prelados avaliaram tamb\u00e9m o andamento do Ano Sacerdotal e convidam os sacerdotes a aprofundar a beleza do sacerd\u00f3cio e os fi\u00e9is leigos a tomarem consci\u00eancia do sacerd\u00f3cio r\u00e9gio.<\/p>\n<p style=\"text-align: justify\">O cardeal-arcebispo de Dacar, Th\u00e9odore Adrien Sarr, na missa conclusiva, exortou os fi\u00e9is a cultivarem o esp\u00edrito de harmonia e paz na vida social e recordou aos pol\u00edticos que eles est\u00e3o no poder a servi\u00e7o do bem comum.<\/p>\n","protected":false},"excerpt":{"rendered":"<p>&#8220;Foram realizados grandes progressos, mas ainda restam as preocupa\u00e7\u00f5es por causa das dificuldades e<\/p>\n","protected":false},"author":83,"featured_media":0,"comment_status":"open","ping_status":"open","sticky":false,"template":"","format":"standard","meta":{"site-sidebar-layout":"default","site-content-layout":"default","ast-global-header-display":"","ast-banner-title-visibility":"","ast-main-header-display":"","ast-hfb-above-header-display":"","ast-hfb-below-header-display":"","ast-hfb-mobile-header-display":"","site-post-title":"","ast-breadcrumbs-content":"","ast-featured-img":"","footer-sml-layout":"","theme-transparent-header-meta":"","adv-header-id-meta":"","stick-header-meta":"","header-above-stick-meta":"","header-main-stick-meta":"","header-below-stick-meta":""},"categories":[818],"tags":[],"acf":[],"_links":{"self":[{"href":"https:\/\/www.cnbb.org.br\/cnbb-app\/wp\/v2\/posts\/16621"}],"collection":[{"href":"https:\/\/www.cnbb.org.br\/cnbb-app\/wp\/v2\/posts"}],"about":[{"href":"https:\/\/www.cnbb.org.br\/cnbb-app\/wp\/v2\/types\/post"}],"author":[{"embeddable":true,"href":"https:\/\/www.cnbb.org.br\/cnbb-app\/wp\/v2\/users\/83"}],"replies":[{"embeddable":true,"href":"https:\/\/www.cnbb.org.br\/cnbb-app\/wp\/v2\/comments?post=16621"}],"version-history":[{"count":0,"href":"https:\/\/www.cnbb.org.br\/cnbb-app\/wp\/v2\/posts\/16621\/revisions"}],"wp:attachment":[{"href":"https:\/\/www.cnbb.org.br\/cnbb-app\/wp\/v2\/media?parent=16621"}],"wp:term":[{"taxonomy":"category","embeddable":true,"href":"https:\/\/www.cnbb.org.br\/cnbb-app\/wp\/v2\/categories?post=16621"},{"taxonomy":"post_tag","embeddable":true,"href":"https:\/\/www.cnbb.org.br\/cnbb-app\/wp\/v2\/tags?post=16621"}],"curies":[{"name":"wp","href":"https:\/\/api.w.org\/{rel}","templated":true}]}}