{"id":16631,"date":"2009-04-28T00:00:00","date_gmt":"2009-04-28T03:00:00","guid":{"rendered":"https:\/\/www.cnbb.org.br\/pt-denuncia-violencia-no-campo\/"},"modified":"2009-04-28T00:00:00","modified_gmt":"2009-04-28T03:00:00","slug":"pt-denuncia-violencia-no-campo","status":"publish","type":"post","link":"https:\/\/www.cnbb.org.br\/pt-denuncia-violencia-no-campo\/","title":{"rendered":"PT denuncia viol\u00eancia no campo"},"content":{"rendered":"<p style=\"text-align: justify\">A Comiss\u00e3o Pastoral da Terra (CPT) divulgou nesta ter\u00e7a-feira, 28, os dados decorrentes da viol\u00eancia em conflitos agr\u00e1rios no Brasil. Os dados foram divulgados logo ap\u00f3s a coletiva de imprensa da CNBB, em Itaici, munic\u00edpio de Indaiatuba (SP), onde a CNBB realiza sua 47\u00aa Assembleia desde a semana passada.<\/p>\n<p><!--more--><\/p>\n<p style=\"text-align: justify\">O ge\u00f3grafo do Instituto de Geografia da Universidade Federal Fluminense (UFF), Carlos Walter Porto Gon\u00e7alves, destacou que o Rio Grande do Sul \u00e9 o estado que apresenta os dados mais crescentes de viol\u00eancia em conflitos de terra. \u201cNo Rio Grande esses n\u00fameros crescem porque a quest\u00e3o agr\u00e1ria \u00e9 tratada como caso de pol\u00edcia\u201d, afirmou.<\/p>\n<p style=\"text-align: justify\">\u201cO que acontece hoje no Rio Grande do Sul, que faz com que os dados de viol\u00eancia nos conflitos de terra sejam alarmantes, \u00e9 a falta de acesso das pessoas \u00e0 terra com dignidade\u201d, disse o presidente da CPT, dom Ladislau Biernaski.<\/p>\n<p style=\"text-align: justify\">Em rela\u00e7\u00e3o a outros dados, como o trabalho escravo, por exemplo, a pesquisa aponta crescimento nos estados de Goi\u00e1s, Mato Grosso, Bahia, Esp\u00edrito Santo, Pernambuco, Acre e Rond\u00f4nia. Em 2007, a CPT tinha registros de 315 den\u00fancias no estado de Mato Grosso; 10 no estado do Amazonas e 704 no Goi\u00e1s. Em 2008 esses dados aumentaram de forma relevante, passando, respectivamente par 608, 867 e 85.<\/p>\n<p style=\"text-align: justify\">O presidente da CPT recordou que o principal objetivo do trabalho da CPT no pa\u00eds \u00e9 reverter esses n\u00fameros e \u201cajudar os sem-terras a conseguirem seu espa\u00e7o na sociedade, bem como contribuir com pol\u00edticas agr\u00edcolas favor\u00e1veis para o desenvolvimento do trabalho no campo a fim de que n\u00e3o seja preciso o \u00eaxodo rural e, consequentemente, o incha\u00e7o das cidades\u201d.<\/p>\n<h4 style=\"text-align: justify\">Reforma Agr\u00e1ria<\/h4>\n<p style=\"text-align: justify\">Ainda segundo dom Ladislau, a Reforma Agr\u00e1ria deve sair das gavetas e entrar em a\u00e7\u00e3o para que as mortes desapare\u00e7am em torno dos conflitos de terra. \u201cA Reforma Agr\u00e1ria deve ser realizada de acordo com a Constitui\u00e7\u00e3o Federal. Os poderes n\u00e3o precisam esperar que haja muita press\u00e3o dos movimentos sociais, porque at\u00e9 agora o que foi feito reflete o papel desses movimentos de estar sempre lutando por seus direitos\u201d, sublinhou.<\/p>\n<p style=\"text-align: justify\">Dom Ladislau ainda advertiu que \u00e9 preciso estabelecer os limites da propriedade de terra para que a justi\u00e7a prevale\u00e7a nessa quest\u00e3o. Para ele, essa \u00e9 \u00fanica sa\u00edda para a concretiza\u00e7\u00e3o da Reforma Agr\u00e1ria. \u201cPara de fato acontecer uma Reforma com as propor\u00e7\u00f5es de que o pa\u00eds necessita, \u00e9 preciso que haja uma limita\u00e7\u00e3o na propriedade da terra. O Brasil, at\u00e9 agora, n\u00e3o usou de esfor\u00e7os convincentes para que isso aconte\u00e7a. Enquanto ficarmos do jeito que se encontra, as mortes continuar\u00e3o, fato que lamentamos muito porque somente o pobre, o sem-terra \u00e9 que sofre\u201d, lamentou.<\/p>\n<p style=\"text-align: justify\">Sobre as medidas que o governo do estado do Rio Grande do Sul tem adotado, o presidente da CPT disse que esperava outras avalia\u00e7\u00f5es. Ele disse, no entanto, ter esperan\u00e7a de mudan\u00e7a no atual cen\u00e1rio pol\u00edtico daquele estado. \u201cA esperan\u00e7a continua, embora pequena. N\u00f3s esperamos que o Governo cumpra aquilo que ele prometeu antes das elei\u00e7\u00f5es, sobretudo, o Governo Federal\u201d. Esperamos que o plano de Reforma Agr\u00e1ria saia das gavetas.<\/p>\n<h4 style=\"text-align: justify\"><a href=\"http:\/\/cnbbjoomla.sitesparresia.com\/wp-content\/uploads\/sites\/85\/2009\/04\/files_49f771ba9a047.ppt\" target=\"_blank\" rel=\"noopener\">Confira os dados sobre os Conflitos Agr\u00e1rios no Brasil.<\/a><\/h4>\n","protected":false},"excerpt":{"rendered":"<p>A Comiss\u00e3o Pastoral da Terra (CPT) divulgou nesta ter\u00e7a-feira, 28, os dados decorrentes da viol\u00eancia em conflitos agr\u00e1rios no Brasil. Os dados foram divulgados logo ap\u00f3s a coletiva de imprensa da CNBB, em Itaici, munic\u00edpio de Indaiatuba (SP), onde a CNBB realiza sua 47\u00aa Assembleia desde a semana passada.<\/p>\n","protected":false},"author":83,"featured_media":16632,"comment_status":"open","ping_status":"open","sticky":false,"template":"","format":"standard","meta":{"site-sidebar-layout":"default","site-content-layout":"default","ast-global-header-display":"","ast-banner-title-visibility":"","ast-main-header-display":"","ast-hfb-above-header-display":"","ast-hfb-below-header-display":"","ast-hfb-mobile-header-display":"","site-post-title":"","ast-breadcrumbs-content":"","ast-featured-img":"","footer-sml-layout":"","theme-transparent-header-meta":"","adv-header-id-meta":"","stick-header-meta":"","header-above-stick-meta":"","header-main-stick-meta":"","header-below-stick-meta":""},"categories":[818],"tags":[],"acf":[],"_links":{"self":[{"href":"https:\/\/www.cnbb.org.br\/cnbb-app\/wp\/v2\/posts\/16631"}],"collection":[{"href":"https:\/\/www.cnbb.org.br\/cnbb-app\/wp\/v2\/posts"}],"about":[{"href":"https:\/\/www.cnbb.org.br\/cnbb-app\/wp\/v2\/types\/post"}],"author":[{"embeddable":true,"href":"https:\/\/www.cnbb.org.br\/cnbb-app\/wp\/v2\/users\/83"}],"replies":[{"embeddable":true,"href":"https:\/\/www.cnbb.org.br\/cnbb-app\/wp\/v2\/comments?post=16631"}],"version-history":[{"count":0,"href":"https:\/\/www.cnbb.org.br\/cnbb-app\/wp\/v2\/posts\/16631\/revisions"}],"wp:featuredmedia":[{"embeddable":true,"href":"https:\/\/www.cnbb.org.br\/cnbb-app\/wp\/v2\/media\/16632"}],"wp:attachment":[{"href":"https:\/\/www.cnbb.org.br\/cnbb-app\/wp\/v2\/media?parent=16631"}],"wp:term":[{"taxonomy":"category","embeddable":true,"href":"https:\/\/www.cnbb.org.br\/cnbb-app\/wp\/v2\/categories?post=16631"},{"taxonomy":"post_tag","embeddable":true,"href":"https:\/\/www.cnbb.org.br\/cnbb-app\/wp\/v2\/tags?post=16631"}],"curies":[{"name":"wp","href":"https:\/\/api.w.org\/{rel}","templated":true}]}}