{"id":16708,"date":"2016-12-20T00:00:00","date_gmt":"2016-12-20T02:00:00","guid":{"rendered":"https:\/\/www.cnbb.org.br\/missa-7-dia-dom-paulo-evaristo-arns\/"},"modified":"2020-03-11T20:47:34","modified_gmt":"2020-03-11T23:47:34","slug":"missa-7-dia-dom-paulo-evaristo-arns","status":"publish","type":"post","link":"https:\/\/www.cnbb.org.br\/missa-7-dia-dom-paulo-evaristo-arns\/","title":{"rendered":"Missas de 7\u00ba dia de Dom Paulo Evaristo Arns"},"content":{"rendered":"<p style=\"text-align: justify\">As celebra\u00e7\u00f5es ocorrer\u00e3o na Catedral da S\u00e9 e em todas as par\u00f3quias da arquidiocese de S\u00e3o Paulo nesta quinta-feira<\/p>\n<p>  <!--more-->  <\/p>\n<p style=\"text-align: justify\">Ser\u00e1 celebrada nesta quarta-feira, 21, a missa de 7\u00ba dia de Dom Paulo Evaristo Arns, cardeal e bispo em\u00e9rito de S\u00e3o Paulo. A celebra\u00e7\u00e3o ser\u00e1 presidida pelo arcebispo metropolitano de S\u00e3o Paulo, cardeal Odilo Scherer, \u00e0s 17h, na catedral da S\u00e9, no centro da capital paulista. Tamb\u00e9m haver\u00e1 missa em todas as par\u00f3quias da arquidiocese em hor\u00e1rios a serem definidos em cada uma delas. Na capela da PUC-SP, a celebra\u00e7\u00e3o ocorrer\u00e1 na mesma data, \u00e0s 18h30.<\/p>\n<p style=\"text-align: justify\">Em Curitiba, a coordena\u00e7\u00e3o nacional da Pastoral da Crian\u00e7a mandar\u00e1 celebrar uma missa, nesta ter\u00e7a-feira, \u00e0s 12h, no Santu\u00e1rio Nossa Senhora de Guadalupe. A celebra\u00e7\u00e3o reunir\u00e1 familiares, amigos e integrantes da Pastoral da Crian\u00e7a.<\/p>\n<p style=\"text-align: justify\">Dom Paulo Evaristo Arns morreu no dia 14 de dezembro de fal\u00eancia m\u00faltipla dos \u00f3rg\u00e3os, aos 95 anos.\u00a0<span style=\"font-size: 12.16px\">O corpo do arcebispo em\u00e9rito foi enterrado na sexta-feira, 16, na cripta Catedral da S\u00e9.<\/span><\/p>\n<h5 style=\"text-align: justify\">Com informa\u00e7\u00f5es da arquidiocese de S\u00e3o Paulo<\/h5>\n","protected":false},"excerpt":{"rendered":"<p>As celebra\u00e7\u00f5es ocorrer\u00e3o na Catedral da S\u00e9 e em todas as par\u00f3quias da arquidiocese de S\u00e3o Paulo nesta quinta-feira<\/p>\n","protected":false},"author":83,"featured_media":10091,"comment_status":"open","ping_status":"open","sticky":false,"template":"","format":"standard","meta":{"site-sidebar-layout":"default","site-content-layout":"default","ast-global-header-display":"","ast-banner-title-visibility":"","ast-main-header-display":"","ast-hfb-above-header-display":"","ast-hfb-below-header-display":"","ast-hfb-mobile-header-display":"","site-post-title":"","ast-breadcrumbs-content":"","ast-featured-img":"","footer-sml-layout":"","theme-transparent-header-meta":"","adv-header-id-meta":"","stick-header-meta":"","header-above-stick-meta":"","header-main-stick-meta":"","header-below-stick-meta":""},"categories":[841],"tags":[],"acf":[],"_links":{"self":[{"href":"https:\/\/www.cnbb.org.br\/cnbb-app\/wp\/v2\/posts\/16708"}],"collection":[{"href":"https:\/\/www.cnbb.org.br\/cnbb-app\/wp\/v2\/posts"}],"about":[{"href":"https:\/\/www.cnbb.org.br\/cnbb-app\/wp\/v2\/types\/post"}],"author":[{"embeddable":true,"href":"https:\/\/www.cnbb.org.br\/cnbb-app\/wp\/v2\/users\/83"}],"replies":[{"embeddable":true,"href":"https:\/\/www.cnbb.org.br\/cnbb-app\/wp\/v2\/comments?post=16708"}],"version-history":[{"count":0,"href":"https:\/\/www.cnbb.org.br\/cnbb-app\/wp\/v2\/posts\/16708\/revisions"}],"wp:featuredmedia":[{"embeddable":true,"href":"https:\/\/www.cnbb.org.br\/cnbb-app\/wp\/v2\/media\/10091"}],"wp:attachment":[{"href":"https:\/\/www.cnbb.org.br\/cnbb-app\/wp\/v2\/media?parent=16708"}],"wp:term":[{"taxonomy":"category","embeddable":true,"href":"https:\/\/www.cnbb.org.br\/cnbb-app\/wp\/v2\/categories?post=16708"},{"taxonomy":"post_tag","embeddable":true,"href":"https:\/\/www.cnbb.org.br\/cnbb-app\/wp\/v2\/tags?post=16708"}],"curies":[{"name":"wp","href":"https:\/\/api.w.org\/{rel}","templated":true}]}}