{"id":16721,"date":"2008-09-25T00:00:00","date_gmt":"2008-09-25T03:00:00","guid":{"rendered":"https:\/\/www.cnbb.org.br\/cristaos-e-muculmanos-juntos-pela-dignidade-da-familia\/"},"modified":"2020-03-11T16:40:08","modified_gmt":"2020-03-11T19:40:08","slug":"cristaos-e-muculmanos-juntos-pela-dignidade-da-familia","status":"publish","type":"post","link":"https:\/\/www.cnbb.org.br\/cristaos-e-muculmanos-juntos-pela-dignidade-da-familia\/","title":{"rendered":"Crist\u00e3os e Mu\u00e7ulmanos: Juntos pela Dignidade da Fam\u00edlia"},"content":{"rendered":"<p style=\"text-align: justify\">Mensagem para o fim do Ramadan:<\/p>\n<p style=\"text-align: justify\">Caros amigos mu\u00e7ulmanos:<\/p>\n<p>(1) Ao aproximar-se o fim do m\u00eas de Ramadan,<\/p>\n<p><!--more--><\/p>\n<p style=\"text-align: justify\">sinto-me agradecido de vos endere\u00e7ar \u2013 segundo uma tradi\u00e7\u00e3o j\u00e1 bem arraigada \u2013 as cordiais sauda\u00e7\u00f5es do Pontif\u00edcio Conselho para o Di\u00e1logo Inter-religioso. Durante este m\u00eas, crist\u00e3os pr\u00f3ximos de v\u00f3s partilham as vossas reflex\u00f5es e as vossas celebra\u00e7\u00f5es familiares; o di\u00e1logo e a amizade refor\u00e7aram-se. Deus seja louvado!<\/p>\n<p style=\"text-align: justify\">(2) Mas, tal como no passado, este encontro amig\u00e1vel oferece-nos tamb\u00e9m a oportunidade de refletir juntos sobre algum tema de atualidade, que possa enriquecer nosso interc\u00e2mbio e ajudar a que nos conhe\u00e7amos melhor, com nossos valores comuns e nossas diferen\u00e7as. Para este ano, pensamos em vos propor o tema da fam\u00edlia.<\/p>\n<p style=\"text-align: justify\">(3) Um dos documentos do Conc\u00edlio Vaticano II Gaudium et spes , sobre a Igreja no mundo contempor\u00e2neo, afirma: \u201cA salva\u00e7\u00e3o da pessoa e da sociedade humana est\u00e1 estreitamente ligada ao bem-estar da comunidade conjugal e familiar. Por isto, juntamente com todos aqueles que t\u00eam em grande estima essa comunidade, os crist\u00e3os se alegram sinceramente com os v\u00e1rios meios pelos quais os homens progridem hoje na promo\u00e7\u00e3o dessa comunidade de amor e no cultivo da vida, auxiliando os c\u00f4njuges e pais na sua excelsa miss\u00e3o. Disto esperam ainda melhores resultados e se esfor\u00e7am por alcan\u00e7\u00e1-los\u201d (n. 47).<\/p>\n<p style=\"text-align: justify\">(4) Estas palavras nos recordam oportunamente que o desenvolvimento da pessoa e da sociedade depende em grande parte da prosperidade da comunidade conjugal e familiar! Quantos s\u00e3o os que carregam, \u00e0s vezes durante toda a sua vida, o peso das feridas de uma situa\u00e7\u00e3o familiar dif\u00edcil ou dram\u00e1tica? Quantos s\u00e3o aqueles e aquelas que sucumbem no abismo da droga ou da viol\u00eancia, tentando preencher, em v\u00e3o, uma inf\u00e2ncia atribulada? Crist\u00e3os e mu\u00e7ulmanos podemos e devemos trabalhar conjuntamente na salvaguarda da dignidade da fam\u00edlia, hoje e no futuro.<\/p>\n<p style=\"text-align: justify\">(5) Neste \u00e2mbito, tivemos muitas vezes a oportunidade de colaborar, quer em n\u00edvel local, quer internacional, tanto mais que crist\u00e3os e mu\u00e7ulmanos t\u00eam grande estima pela fam\u00edlia. A fam\u00edlia \u2013 lugar onde o amor e a vida, o respeito pelo outro e a hospitalidade se encontram e se transmitem \u2013 \u00e9 verdadeiramente a \u201cc\u00e9lula fundamental da sociedade\u201d.<\/p>\n<p style=\"text-align: justify\">(6) Crist\u00e3os e mu\u00e7ulmanos, n\u00e3o devemos hesitar em nos empenhar, n\u00e3o s\u00f3 para ajudar as fam\u00edlias em dificuldade, mas tamb\u00e9m para colaborar com todos os que se esfor\u00e7am por promover a estabilidade da institui\u00e7\u00e3o familiar e o exerc\u00edcio da responsabilidade paterna e materna, particularmente no campo da educa\u00e7\u00e3o. N\u00e3o \u00e9 demais recordar aqui que a fam\u00edlia \u00e9 a primeira escola em que se aprende o respeito pelo outro, na sua identidade e na sua diferen\u00e7a. O di\u00e1logo inter-religioso e a cidadania s\u00f3 t\u00eam a ganhar com isto.<\/p>\n<p style=\"text-align: justify\">(7) Caros amigos, ao terminar o vosso jejum, purificados e renovados pelas pr\u00e1ticas t\u00e3o caras \u00e0 vossa religi\u00e3o, fazemos votos de que todos v\u00f3s possais ter com vossas fam\u00edlias e todos os que vos s\u00e3o queridos, uma vida serena e pr\u00f3spera! Que o Alt\u00edssimo Deus vos cumule a todos da sua miseric\u00f3rdia e da sua paz!<\/p>\n<p style=\"text-align: justify\">Cardeal JEAN-LOUIS TAURAN<br \/>\nPresidente<\/p>\n<p style=\"text-align: justify\">Arcebispo PIER LUIGI CELATA<br \/>\nSecret\u00e1rio<\/p>\n","protected":false},"excerpt":{"rendered":"<p>Mensagem para o fim do Ramadan: Caros amigos mu\u00e7ulmanos: (1) Ao aproximar-se o fim do m\u00eas de Ramadan,<\/p>\n","protected":false},"author":83,"featured_media":0,"comment_status":"open","ping_status":"open","sticky":false,"template":"","format":"standard","meta":{"site-sidebar-layout":"default","site-content-layout":"default","ast-global-header-display":"","ast-banner-title-visibility":"","ast-main-header-display":"","ast-hfb-above-header-display":"","ast-hfb-below-header-display":"","ast-hfb-mobile-header-display":"","site-post-title":"","ast-breadcrumbs-content":"","ast-featured-img":"","footer-sml-layout":"","theme-transparent-header-meta":"","adv-header-id-meta":"","stick-header-meta":"","header-above-stick-meta":"","header-main-stick-meta":"","header-below-stick-meta":""},"categories":[852],"tags":[],"acf":[],"_links":{"self":[{"href":"https:\/\/www.cnbb.org.br\/cnbb-app\/wp\/v2\/posts\/16721"}],"collection":[{"href":"https:\/\/www.cnbb.org.br\/cnbb-app\/wp\/v2\/posts"}],"about":[{"href":"https:\/\/www.cnbb.org.br\/cnbb-app\/wp\/v2\/types\/post"}],"author":[{"embeddable":true,"href":"https:\/\/www.cnbb.org.br\/cnbb-app\/wp\/v2\/users\/83"}],"replies":[{"embeddable":true,"href":"https:\/\/www.cnbb.org.br\/cnbb-app\/wp\/v2\/comments?post=16721"}],"version-history":[{"count":0,"href":"https:\/\/www.cnbb.org.br\/cnbb-app\/wp\/v2\/posts\/16721\/revisions"}],"wp:attachment":[{"href":"https:\/\/www.cnbb.org.br\/cnbb-app\/wp\/v2\/media?parent=16721"}],"wp:term":[{"taxonomy":"category","embeddable":true,"href":"https:\/\/www.cnbb.org.br\/cnbb-app\/wp\/v2\/categories?post=16721"},{"taxonomy":"post_tag","embeddable":true,"href":"https:\/\/www.cnbb.org.br\/cnbb-app\/wp\/v2\/tags?post=16721"}],"curies":[{"name":"wp","href":"https:\/\/api.w.org\/{rel}","templated":true}]}}