{"id":16722,"date":"2009-09-01T00:00:00","date_gmt":"2009-09-01T03:00:00","guid":{"rendered":"https:\/\/www.cnbb.org.br\/relatorio-do-encontro-de-preparacao-para-agentes-do-ecumenismo-regional-leste-2\/"},"modified":"2020-03-11T16:40:08","modified_gmt":"2020-03-11T19:40:08","slug":"relatorio-do-encontro-de-preparacao-para-agentes-do-ecumenismo-regional-leste-2","status":"publish","type":"post","link":"https:\/\/www.cnbb.org.br\/relatorio-do-encontro-de-preparacao-para-agentes-do-ecumenismo-regional-leste-2\/","title":{"rendered":"Relat\u00f3rio do encontro de prepara\u00e7\u00e3o para agentes do Ecumenismo Regional Leste 2"},"content":{"rendered":"<p style=\"text-align: justify\">O I encontro de Prepara\u00e7\u00e3o para Agentes do Ecumenismo do Regional Leste II da CNBB realizou-se de 28 a 30 de agosto de 2009, na Casa Sant\u00edssima Trindade, em<\/p>\n<p><!--more--><\/p>\n<p style=\"text-align: justify\">Belo Horizonte. Participam 44 pessoas, representantes de 14 Dioceses do Regional Leste II. O encontro contou com a assessoria do Pe. Elias Wolff, do ITESC, de Florian\u00f3polis, o qual \u00e9 assessor da Comiss\u00e3o Episcopal para o Ecumenismo e do Di\u00e1logo Inter-Religioso da CNBB-Nacional.<\/p>\n<p style=\"text-align: justify\">O encontro teve in\u00edcio \u00e0s 20 horas, com um momento de espiritualidade e acolhida dos participantes. Dom Alo\u00edsio Jorge Penna Vitral, respons\u00e1vel pela Comiss\u00e3o Episcopal Pastoral para anima\u00e7\u00e3o B\u00edblico-Catequ\u00e9tica, Ensino Religioso e Ecumenismo do Leste II, deu as Boas Vindas e destacou a import\u00e2ncia do encontro e agradeceu a presen\u00e7a de Dom Eurico, Arcebispo Em\u00e9rito de Juiz de Fora, grande incentivador do ecumenismo no Regional, o qual esteve \u00e0 frente da respectiva comiss\u00e3o nos \u00faltimos anos.<\/p>\n<p style=\"text-align: justify\">Frei Luiz Antonio Pinheiro agradeceu a presen\u00e7a de todos e apresentou o Pe. Elias Wolff, o qual fez uma exposi\u00e7\u00e3o sum\u00e1ria dos objetivos e conte\u00fado a ser trabalhado durante o encontro. Nessa primeira parte, foram trabalhados alguns pressupostos, entre os quais: atitude fundamental de di\u00e1logo; a convers\u00e3o da mente e a convers\u00e3o institucional, bem como atitudes pr\u00e1ticas.<\/p>\n<h3 style=\"text-align: justify\"><a href=\"http:\/\/cnbbjoomla.sitesparresia.com\/wp-content\/uploads\/sites\/85\/2009\/09\/files_4ac4a7577fa0c.pdf\" target=\"_blank\" rel=\"noopener\">Confira o Relat\u00f3rio do encontro de prepara\u00e7\u00e3o para agentes do Ecumenismo Regional Leste 2<\/a>.<\/h3>\n","protected":false},"excerpt":{"rendered":"<p>O I encontro de Prepara\u00e7\u00e3o para Agentes do Ecumenismo do Regional Leste II da CNBB realizou-se de 28 a 30 de agosto de 2009, na Casa Sant\u00edssima Trindade, em<\/p>\n","protected":false},"author":83,"featured_media":0,"comment_status":"open","ping_status":"open","sticky":false,"template":"","format":"standard","meta":{"site-sidebar-layout":"default","site-content-layout":"default","ast-global-header-display":"","ast-banner-title-visibility":"","ast-main-header-display":"","ast-hfb-above-header-display":"","ast-hfb-below-header-display":"","ast-hfb-mobile-header-display":"","site-post-title":"","ast-breadcrumbs-content":"","ast-featured-img":"","footer-sml-layout":"","theme-transparent-header-meta":"","adv-header-id-meta":"","stick-header-meta":"","header-above-stick-meta":"","header-main-stick-meta":"","header-below-stick-meta":""},"categories":[852],"tags":[],"acf":[],"_links":{"self":[{"href":"https:\/\/www.cnbb.org.br\/cnbb-app\/wp\/v2\/posts\/16722"}],"collection":[{"href":"https:\/\/www.cnbb.org.br\/cnbb-app\/wp\/v2\/posts"}],"about":[{"href":"https:\/\/www.cnbb.org.br\/cnbb-app\/wp\/v2\/types\/post"}],"author":[{"embeddable":true,"href":"https:\/\/www.cnbb.org.br\/cnbb-app\/wp\/v2\/users\/83"}],"replies":[{"embeddable":true,"href":"https:\/\/www.cnbb.org.br\/cnbb-app\/wp\/v2\/comments?post=16722"}],"version-history":[{"count":0,"href":"https:\/\/www.cnbb.org.br\/cnbb-app\/wp\/v2\/posts\/16722\/revisions"}],"wp:attachment":[{"href":"https:\/\/www.cnbb.org.br\/cnbb-app\/wp\/v2\/media?parent=16722"}],"wp:term":[{"taxonomy":"category","embeddable":true,"href":"https:\/\/www.cnbb.org.br\/cnbb-app\/wp\/v2\/categories?post=16722"},{"taxonomy":"post_tag","embeddable":true,"href":"https:\/\/www.cnbb.org.br\/cnbb-app\/wp\/v2\/tags?post=16722"}],"curies":[{"name":"wp","href":"https:\/\/api.w.org\/{rel}","templated":true}]}}