{"id":16728,"date":"2010-03-30T00:00:00","date_gmt":"2010-03-30T03:00:00","guid":{"rendered":"https:\/\/www.cnbb.org.br\/ecumenismo-e-dialogo-interreligioso\/"},"modified":"2020-03-11T16:40:07","modified_gmt":"2020-03-11T19:40:07","slug":"ecumenismo-e-dialogo-interreligioso","status":"publish","type":"post","link":"https:\/\/www.cnbb.org.br\/ecumenismo-e-dialogo-interreligioso\/","title":{"rendered":"Ecumenismo e Di\u00e1logo Interreligioso"},"content":{"rendered":"<p style=\"text-align: justify\">Em nossa sociedade temos variedade de religi\u00f5es e cada vez mais se multiplicam as comunidades religiosas de diversas naturezas. Aprender a conviver com todas \u00e9 um desafio e uma necessidade. A intoler\u00e2ncia n\u00e3o ajuda \u00e0 conviv\u00eancia harmoniosa, respeitadora e valorizadora dos dons de umas e outras.<\/p>\n<p><!--more--><\/p>\n<p style=\"text-align: justify\">H\u00e1 muitas pessoas e muitos grupos religiosos que sabem conviver com as diferen\u00e7as de modo positivo e civilizado. \u00c9 muito importante saber valorizar as atitudes e as virtudes dos outros. Mostramos os nossos valores e convic\u00e7\u00f5es de f\u00e9 como contribui\u00e7\u00e3o de propostas para a promo\u00e7\u00e3o da vida com \u00e9tica e respeito \u00e0 vida digna de cada ser humano. A religi\u00e3o deve ser uma contribui\u00e7\u00e3o harmoniosa de conviv\u00eancia que produza o bem de todos, com respeito \u00e0 cultura de cada pessoa e grupo \u00e9tnico e religioso.<\/p>\n<p style=\"text-align: justify\">O ecumenismo se d\u00e1 com o respeito, o di\u00e1logo e a valoriza\u00e7\u00e3o das diversas pessoas de comunidades religiosas de denomina\u00e7\u00e3o crist\u00e3. Seu valor se baseia na pr\u00f3pria vontade de Jesus. Ele pede ao Pai pela unidade de seus disc\u00edpulos (Cf. Jo 17,21). As realidades que nos unem s\u00e3o maiores e mais forte do que as diferen\u00e7as: o amor que Jesus nos ensina a ter mesmo aos inimigos, a Palavra de Deus, o batismo, a f\u00e9&#8230; Mesmo quando o outro n\u00e3o quer o di\u00e1logo ou infelizmente nos agride, desobedecendo o mandamento do amor, temos que am\u00e1-lo. N\u00e3o podemos usar agress\u00e3o e o mesmo m\u00e9todo do agressor. Devemos, assim mesmo, am\u00e1-lo. Desse modo at\u00e9 um dia poder\u00e3o sentir vergonha de ter feito isso conosco! Somos chamados ao di\u00e1logo, ao conhecimento do outro e \u00e0 valoriza\u00e7\u00e3o de suas virtudes. Devemos testemunhar nossa f\u00e9 e, por causa dela, fazer o bem ao outro. Jamais podemos agredir o outro. N\u00e3o podemos responder \u00e0 agress\u00e3o com agress\u00e3o e sim pagar o mal com o bem. Ecumenismo n\u00e3o \u00e9 sincretismo nem relativismo, mas testemunho de f\u00e9 com amor ao outro por causa de Deus. O di\u00e1logo ecum\u00eanico nos faz at\u00e9 orar juntos. Temos todo ano a Semana de Ora\u00e7\u00e3o pela unidade dos crist\u00e3os. Fazemos Campanhas da Fraternidade Ecum\u00eanicas, como ser\u00e1 a de 2010&#8230;<\/p>\n<p style=\"text-align: justify\">O di\u00e1logo interreligioso \u00e9 o di\u00e1logo e a manifesta\u00e7\u00e3o de fraternidade com pessoas e institui\u00e7\u00f5es de outras religi\u00f5es n\u00e3o crist\u00e3s. Indicamos, assim, que vemos valores humanos, \u00e9ticos e religiosos nelas, como tamb\u00e9m, em base \u00e0 nossa f\u00e9, procuramos fazer o bem a todos e trabalhamos juntos em projetos e a\u00e7\u00f5es de promo\u00e7\u00e3o do bem comum. Temos comiss\u00f5es de di\u00e1logo entre cat\u00f3licos e judeus, cat\u00f3licos e isl\u00e2micos, cat\u00f3licos e religi\u00f5es afro.<\/p>\n<p style=\"text-align: justify\">As diferen\u00e7as n\u00e3o podem nos colocar como inimigos e sim como pessoas humanas com culturas e religi\u00f5es diferentes, com seus valores e suas propostas. Se temos discord\u00e2ncias temos tamb\u00e9m valores em comum. Naquilo que\u00a0 n\u00e3o concordamos devemos dialogar e manifestar de modo civilizado nosso ponto de vista e nossas convic\u00e7\u00f5es sem agredir os outros.<\/p>\n<h4 style=\"text-align: right\">Dom Jos\u00e9 Alberto Moura, CSS<br \/>\nPresidente da Comiss\u00e3o Episcopal Pastoral para o Ecumenismo e o Di\u00e1logo<br \/>\nInterreligioso da CNBB<\/h4>\n","protected":false},"excerpt":{"rendered":"<p>Em nossa sociedade temos variedade de religi\u00f5es e cada vez mais se multiplicam as comunidades religiosas de diversas naturezas. Aprender a conviver com todas \u00e9 um desafio e uma necessidade. A intoler\u00e2ncia n\u00e3o ajuda \u00e0 conviv\u00eancia harmoniosa, respeitadora e valorizadora dos dons de umas e outras.<\/p>\n","protected":false},"author":83,"featured_media":8823,"comment_status":"open","ping_status":"open","sticky":false,"template":"","format":"standard","meta":{"site-sidebar-layout":"default","site-content-layout":"default","ast-global-header-display":"","ast-banner-title-visibility":"","ast-main-header-display":"","ast-hfb-above-header-display":"","ast-hfb-below-header-display":"","ast-hfb-mobile-header-display":"","site-post-title":"","ast-breadcrumbs-content":"","ast-featured-img":"","footer-sml-layout":"","theme-transparent-header-meta":"","adv-header-id-meta":"","stick-header-meta":"","header-above-stick-meta":"","header-main-stick-meta":"","header-below-stick-meta":""},"categories":[852],"tags":[],"acf":[],"_links":{"self":[{"href":"https:\/\/www.cnbb.org.br\/cnbb-app\/wp\/v2\/posts\/16728"}],"collection":[{"href":"https:\/\/www.cnbb.org.br\/cnbb-app\/wp\/v2\/posts"}],"about":[{"href":"https:\/\/www.cnbb.org.br\/cnbb-app\/wp\/v2\/types\/post"}],"author":[{"embeddable":true,"href":"https:\/\/www.cnbb.org.br\/cnbb-app\/wp\/v2\/users\/83"}],"replies":[{"embeddable":true,"href":"https:\/\/www.cnbb.org.br\/cnbb-app\/wp\/v2\/comments?post=16728"}],"version-history":[{"count":0,"href":"https:\/\/www.cnbb.org.br\/cnbb-app\/wp\/v2\/posts\/16728\/revisions"}],"wp:featuredmedia":[{"embeddable":true,"href":"https:\/\/www.cnbb.org.br\/cnbb-app\/wp\/v2\/media\/8823"}],"wp:attachment":[{"href":"https:\/\/www.cnbb.org.br\/cnbb-app\/wp\/v2\/media?parent=16728"}],"wp:term":[{"taxonomy":"category","embeddable":true,"href":"https:\/\/www.cnbb.org.br\/cnbb-app\/wp\/v2\/categories?post=16728"},{"taxonomy":"post_tag","embeddable":true,"href":"https:\/\/www.cnbb.org.br\/cnbb-app\/wp\/v2\/tags?post=16728"}],"curies":[{"name":"wp","href":"https:\/\/api.w.org\/{rel}","templated":true}]}}