{"id":16729,"date":"2008-01-01T00:00:00","date_gmt":"2008-01-01T02:00:00","guid":{"rendered":"https:\/\/www.cnbb.org.br\/quem-somos-ecumenismo\/"},"modified":"2020-03-11T16:40:09","modified_gmt":"2020-03-11T19:40:09","slug":"quem-somos-ecumenismo","status":"publish","type":"post","link":"https:\/\/www.cnbb.org.br\/quem-somos-ecumenismo\/","title":{"rendered":"Quem Somos: Ecumenismo"},"content":{"rendered":"<p style=\"text-align: justify\">Desde 1966, a Dimens\u00e3o Ecum\u00eanica come\u00e7ou a fazer parte do Plano de Pastoral de Conjunto da Confer\u00eancia Nacional dos Bispos do Brasil &#8211; CNBB, com algumas variantes. Nas Diretrizes Gerais da A\u00e7\u00e3o Evangelizadora da Igreja no Brasil de 1995 surgem as Exig\u00eancias Intr\u00ednsecas da Evangeliza\u00e7\u00e3o: servi\u00e7o, di\u00e1logo, an\u00fancio e testemunho de comunh\u00e3o. Na Assembl\u00e9ia Geral da CNBB de 2003, com o novo Estatuto, foram criadas as Comiss\u00f5es Episcopais de Pastoral. A Comiss\u00e3o para o Ecumenismo e o Di\u00e1logo Inter-religioso \u00e9 uma das dez Comiss\u00f5es.<\/p>\n<p><!--more--><\/p>\n<h4 style=\"text-align: justify\">Objetivo Geral<\/h4>\n<p style=\"text-align: justify\">Promover o Ecumenismo e o Di\u00e1logo Inter-religioso na Igreja Cat\u00f3lica no Brasil, \u00e0 luz das orienta\u00e7\u00f5es do magist\u00e9rio eclesial, em aten\u00e7\u00e3o \u00e0 pluralidade religiosa do pa\u00eds.<\/p>\n<h4 style=\"text-align: justify\">Objetivos espec\u00edficos:<\/h4>\n<ul>\n<li>Promover o di\u00e1logo ecum\u00eanico e inter-religioso nos n\u00edveis regional e nacional.<\/li>\n<li>Estimular as \u201ccomiss\u00f5es bilaterais\u201d existentes e estimular a cria\u00e7\u00e3o de novas Comiss\u00f5es ou Grupos de di\u00e1logo.<\/li>\n<li>Apoiar encontros e assembl\u00e9ias das Comiss\u00f5es Bilaterais.<\/li>\n<li>Organizar o encontro anual dos Bispos referenciais para o Ecumenismo e Di\u00e1logo Inter-religioso e dos Assessores dos Regionais, da CNBB.<\/li>\n<li>Organizar o encontro anual de forma\u00e7\u00e3o de Professores e Respons\u00e1veis pelo Ecumenismo e o Di\u00e1logo Inter-religioso nos institutos e faculdades teol\u00f3gicas.<\/li>\n<li>Implementar consultorias e outros projetos em parceria com a Casa da Reconcilia\u00e7\u00e3o, a CESE (Coordenadoria Ecum\u00eanica de Servi\u00e7os) e outros organismos ecum\u00eanicos.<\/li>\n<li>Motivar os Regionais e as Dioceses para celebrar a Semana de Ora\u00e7\u00e3o pela Unidade dos Crist\u00e3os.<\/li>\n<li>Colaborar com as demais Comiss\u00f5es da CNBB, em iniciativas que eduquem para a paz, o di\u00e1logo e a colabora\u00e7\u00e3o entre Confiss\u00f5es crist\u00e3s e demais credos, no quadro dos direitos humanos e da liberdade religiosa.<\/li>\n<li>Apoiar os Regionais e as Dioceses na organiza\u00e7\u00e3o de Comiss\u00f5es de Di\u00e1logo, conforme a realidade religiosa regional e local.<\/li>\n<li>Atuar em sintonia com o Setor de Ecumenismo do CELAM, o Pontif\u00edcio Conselho para a Unidade dos Crist\u00e3os e o Pontif\u00edcio Conselho para a Cultura e o Di\u00e1logo Inter-religioso.<\/li>\n<li>Atuar em sintonia com o CONIC (Conselho Nacional de Igrejas Crist\u00e3s do Brasil).<\/li>\n<li>Responder \u00e0s demandas da CNBB em campo ecum\u00eanico e inter-religioso.<\/li>\n<\/ul>\n<h4 style=\"text-align: justify\">Documentos para o di\u00e1logo com as Confiss\u00f5es crist\u00e3s<\/h4>\n<div style=\"text-align: justify\">\n<ul>\n<li>Decreto conciliar Unitatis redintegratio (1964), UR<\/li>\n<li>Diret\u00f3rio Ecum\u00eanico da Santa S\u00e9 (1993), DE<\/li>\n<li>Enc\u00edclica Ut unum sint (1995), UUS<\/li>\n<li>A dimens\u00e3o ecum\u00eanica na forma\u00e7\u00e3o dos que trabalham no minist\u00e9rio pastoral (1998), DEF<\/li>\n<\/ul>\n<\/div>\n<h4>Documentos para o di\u00e1logo com as Religi\u00f5es<\/h4>\n<ul>\n<li>Declara\u00e7\u00e3o conciliar Nostra aetate (1965), NA<\/li>\n<li>Declara\u00e7\u00e3o conciliar Dignitatis humanae (1965), DH<\/li>\n<li>Orienta\u00e7\u00f5es e sugest\u00f5es para a Aplica\u00e7\u00e3o da Declara\u00e7\u00e3o conciliar Nostra aetate n. 4 (1974), ANA<\/li>\n<li>Notas para a correta apresenta\u00e7\u00e3o dos judeus e do Juda\u00edsmo na Prega\u00e7\u00e3o e na Catequese da Igreja Cat\u00f3lica (1985), JPC<\/li>\n<li>Documento Di\u00e1logo e an\u00fancio (1991), DA<\/li>\n<li>\u201cN\u00f3s recordamos\u201d \u2013 uma reflex\u00e3o sobre a Shoah (1998), NR<\/li>\n<li>O povo Judeu e suas Escrituras na B\u00edblia crist\u00e3 (2002), JEB<\/li>\n<\/ul>\n<h2>Organiza\u00e7\u00e3o da Comiss\u00e3o<\/h2>\n<div style=\"line-height: 1px\">\n<h5>Grupo de Reflex\u00e3o Ecum\u00eanica e Di\u00e1logo Interreligioso:<\/h5>\n<p><a title=\"Ata GREDIRE  Ecumenismo\" href=\"http:\/\/cnbbjoomla.sitesparresia.com\/wp-content\/uploads\/sites\/85\/2008\/01\/files_4ac4e0e851b9e.pdf\" target=\"_blank\" rel=\"noopener\"> GREDIRE<\/a><\/p>\n<h5>Centro de Di\u00e1logo Ecum\u00eanico e Inter-Religioso da CNBB:<\/h5>\n<p><a href=\"http:\/\/www.casadareconciliacao.com.br\/\" target=\"_blank\" rel=\"noopener noreferrer\">Casa da Reconcilia\u00e7\u00e3o<\/a><\/p>\n<h5>Participa\u00e7\u00f5es Ecum\u00eanicas:<\/h5>\n<p><a href=\"comissoes-episcopais\/ecumenismo\/3491-conic\">CONIC <\/a> &#8211; <a href=\"comissoes-episcopais\/ecumenismo\/3492-cese\">CESE<\/a> &#8211; <a href=\"comissoes-episcopais\/ecumenismo\/3493-mofic\">MOFIC<\/a> &#8211; <a href=\"comissoes-episcopais\/ecumenismo\/3494-celmu\">CELMU<\/a> &#8211; <a href=\"comissoes-episcopais\/ecumenismo\/3495-encristus-encontro-de-cristaos-na-busca-de-unidade-e-santidade\">ENCRISTUS<\/a><\/div>\n","protected":false},"excerpt":{"rendered":"<p>Desde 1966, a Dimens\u00e3o Ecum\u00eanica come\u00e7ou a fazer parte do Plano de Pastoral de Conjunto da Confer\u00eancia Nacional dos Bispos do Brasil &#8211; CNBB, com algumas variantes. Nas Diretrizes Gerais da A\u00e7\u00e3o Evangelizadora da Igreja no Brasil de 1995 surgem as Exig\u00eancias Intr\u00ednsecas da Evangeliza\u00e7\u00e3o: servi\u00e7o, di\u00e1logo, an\u00fancio e testemunho de comunh\u00e3o. Na Assembl\u00e9ia Geral &hellip;<\/p>\n<p class=\"read-more\"> <a class=\"\" href=\"https:\/\/www.cnbb.org.br\/quem-somos-ecumenismo\/\"> <span class=\"screen-reader-text\">Quem Somos: Ecumenismo<\/span> Leia mais &raquo;<\/a><\/p>\n","protected":false},"author":83,"featured_media":0,"comment_status":"open","ping_status":"open","sticky":false,"template":"","format":"standard","meta":{"site-sidebar-layout":"default","site-content-layout":"default","ast-global-header-display":"","ast-banner-title-visibility":"","ast-main-header-display":"","ast-hfb-above-header-display":"","ast-hfb-below-header-display":"","ast-hfb-mobile-header-display":"","site-post-title":"","ast-breadcrumbs-content":"","ast-featured-img":"","footer-sml-layout":"","theme-transparent-header-meta":"","adv-header-id-meta":"","stick-header-meta":"","header-above-stick-meta":"","header-main-stick-meta":"","header-below-stick-meta":""},"categories":[852],"tags":[],"acf":[],"_links":{"self":[{"href":"https:\/\/www.cnbb.org.br\/cnbb-app\/wp\/v2\/posts\/16729"}],"collection":[{"href":"https:\/\/www.cnbb.org.br\/cnbb-app\/wp\/v2\/posts"}],"about":[{"href":"https:\/\/www.cnbb.org.br\/cnbb-app\/wp\/v2\/types\/post"}],"author":[{"embeddable":true,"href":"https:\/\/www.cnbb.org.br\/cnbb-app\/wp\/v2\/users\/83"}],"replies":[{"embeddable":true,"href":"https:\/\/www.cnbb.org.br\/cnbb-app\/wp\/v2\/comments?post=16729"}],"version-history":[{"count":0,"href":"https:\/\/www.cnbb.org.br\/cnbb-app\/wp\/v2\/posts\/16729\/revisions"}],"wp:attachment":[{"href":"https:\/\/www.cnbb.org.br\/cnbb-app\/wp\/v2\/media?parent=16729"}],"wp:term":[{"taxonomy":"category","embeddable":true,"href":"https:\/\/www.cnbb.org.br\/cnbb-app\/wp\/v2\/categories?post=16729"},{"taxonomy":"post_tag","embeddable":true,"href":"https:\/\/www.cnbb.org.br\/cnbb-app\/wp\/v2\/tags?post=16729"}],"curies":[{"name":"wp","href":"https:\/\/api.w.org\/{rel}","templated":true}]}}