{"id":16733,"date":"2010-05-07T00:00:00","date_gmt":"2010-05-07T03:00:00","guid":{"rendered":"https:\/\/www.cnbb.org.br\/igrejas-cristas-e-organismos-celebram-o-ecumenismo-na-ag-da-cnbb\/"},"modified":"2020-03-11T16:40:07","modified_gmt":"2020-03-11T19:40:07","slug":"igrejas-cristas-e-organismos-celebram-o-ecumenismo-na-ag-da-cnbb","status":"publish","type":"post","link":"https:\/\/www.cnbb.org.br\/igrejas-cristas-e-organismos-celebram-o-ecumenismo-na-ag-da-cnbb\/","title":{"rendered":"Igrejas Crist\u00e3s e Organismos celebram o ecumenismo na AG da CNBB"},"content":{"rendered":"<p style=\"text-align: justify\">Na tarde desta sexta-feira, 7, os bispos discutir\u00e3o na terceira sess\u00e3o do dia o tema Ecumenismo. Para o momento, foram convidados representantes de outras Igrejas Crist\u00e3s: Igreja Luterana, Presbiteriana Unida do Brasil, todas as Igrejas Ortodoxas do Brasil, a Igreja Anglicana e algumas comunidades pentecostais. Assim como as Igrejas, participam tamb\u00e9m do momento alguns organismos que mant\u00eam di\u00e1logo com a Confer\u00eancia Nacional dos Bispos do Brasil (CNBB), como o Conselho Nacional de Igrejas Crist\u00e3s (Conic) e a Coordenadoria Ecum\u00eanica de Servi\u00e7os (Cesi).<\/p>\n<p><!--more--><\/p>\n<p style=\"text-align: justify\">A presen\u00e7a de membros de outras Igrejas Crist\u00e3s em Assembleias da CNBB n\u00e3o come\u00e7ou agora, segundo o assessor da Comiss\u00e3o Episcopal para o Ecumenismo e Di\u00e1logo Interreligioso da CNBB, padre Elias Wolff. \u201cDesde a d\u00e9cada de 1970 \u00e9 comum a CNBB contar em suas Assembleias Gerais com a presen\u00e7a de membros de outras Igrejas Crist\u00e3s, sobretudo das Igrejas com que a CNBB tem um la\u00e7o ecum\u00eanico\u201d, lembra o assessor.<\/p>\n<p style=\"text-align: justify\"><img decoding=\"async\" loading=\"lazy\" class=\" alignleft size-full wp-image-4074\" style=\"float: left\" src=\"https:\/\/www.cnbb.org.br\/wp-content\/uploads\/2020\/03\/peeliaswolff.jpg\" alt=\"peeliaswolff\" width=\"200\" height=\"233\" \/>Em plen\u00e1rio, os bispos ir\u00e3o fazer um estudo sobre o empenho ecum\u00eanico da Igreja Cat\u00f3lica no Brasil e uma reflex\u00e3o sobre a Campanha da Fraternidade Ecum\u00eanica 2010, \u201cEconomia e Vida\u201d. \u00c0s 18h30, em um segundo momento dedicado ao ecumenismo, haver\u00e1 a celebra\u00e7\u00e3o ecum\u00eanica, que j\u00e1 \u00e9 uma tradi\u00e7\u00e3o das Assembleias. A celebra\u00e7\u00e3o ser\u00e1 presidida pelo arcebispo de Montes Claros (MG) e presidente da Comiss\u00e3o Ecum\u00eanica da CNBB, dom Jos\u00e9 Alberto Moura. A coordena\u00e7\u00e3o ser\u00e1 feita pelo padre Elias Wolff.<\/p>\n<p style=\"text-align: justify\">Para o assessor, a presen\u00e7a de outras Igrejas Crist\u00e3s e Organismos na assembleia da CNBB significa um estreitamento dos la\u00e7os entre as Igrejas no Brasil, de modo particular, das Igrejas membros do Conic. \u201cA presen\u00e7a significa amizade, parceria, companheirismo, coopera\u00e7\u00e3o entre as Igrejas. Mostra que uma Igreja est\u00e1 interessada na vida da outra Igreja, no sentido de dar apoio aos projetos de evangeliza\u00e7\u00e3o que cada uma possui\u201d.<\/p>\n<p style=\"text-align: justify\">Ainda hoje, na Assembleia, haver\u00e1 o lan\u00e7amento oficial da Semana de Ora\u00e7\u00e3o pela Unidade dos Crist\u00e3os (SOUC).<\/p>\n<p style=\"text-align: justify\"><a href=\"http:\/\/www.flickr.com\/photos\/cnbbnacional\/collections\/72157623813423955\/\" target=\"_blank\" rel=\"noopener noreferrer\">Veja fotos do evento no <span style=\"font-size: 18pt\"><strong><span style=\"color: #ff0000\">F<\/span><span style=\"color: #000080\">lickr<\/span><\/strong><\/span>.<\/a><\/p>\n<p style=\"text-align: justify\"><strong><em><span style=\"font-size: 8pt\">Fotos: Pe Altevir CSSp<\/span><\/em><\/strong><\/p>\n","protected":false},"excerpt":{"rendered":"<p>Na tarde desta sexta-feira, 7, os bispos discutir\u00e3o na terceira sess\u00e3o do dia o tema Ecumenismo. Para o momento, foram convidados representantes de outras Igrejas Crist\u00e3s: Igreja Luterana, Presbiteriana Unida do Brasil, todas as Igrejas Ortodoxas do Brasil, a Igreja Anglicana e algumas comunidades pentecostais. Assim como as Igrejas, participam tamb\u00e9m do momento alguns organismos &hellip;<\/p>\n<p class=\"read-more\"> <a class=\"\" href=\"https:\/\/www.cnbb.org.br\/igrejas-cristas-e-organismos-celebram-o-ecumenismo-na-ag-da-cnbb\/\"> <span class=\"screen-reader-text\">Igrejas Crist\u00e3s e Organismos celebram o ecumenismo na AG da CNBB<\/span> Leia mais &raquo;<\/a><\/p>\n","protected":false},"author":83,"featured_media":16734,"comment_status":"open","ping_status":"open","sticky":false,"template":"","format":"standard","meta":{"site-sidebar-layout":"default","site-content-layout":"default","ast-global-header-display":"","ast-banner-title-visibility":"","ast-main-header-display":"","ast-hfb-above-header-display":"","ast-hfb-below-header-display":"","ast-hfb-mobile-header-display":"","site-post-title":"","ast-breadcrumbs-content":"","ast-featured-img":"","footer-sml-layout":"","theme-transparent-header-meta":"","adv-header-id-meta":"","stick-header-meta":"","header-above-stick-meta":"","header-main-stick-meta":"","header-below-stick-meta":""},"categories":[852],"tags":[],"acf":[],"_links":{"self":[{"href":"https:\/\/www.cnbb.org.br\/cnbb-app\/wp\/v2\/posts\/16733"}],"collection":[{"href":"https:\/\/www.cnbb.org.br\/cnbb-app\/wp\/v2\/posts"}],"about":[{"href":"https:\/\/www.cnbb.org.br\/cnbb-app\/wp\/v2\/types\/post"}],"author":[{"embeddable":true,"href":"https:\/\/www.cnbb.org.br\/cnbb-app\/wp\/v2\/users\/83"}],"replies":[{"embeddable":true,"href":"https:\/\/www.cnbb.org.br\/cnbb-app\/wp\/v2\/comments?post=16733"}],"version-history":[{"count":0,"href":"https:\/\/www.cnbb.org.br\/cnbb-app\/wp\/v2\/posts\/16733\/revisions"}],"wp:featuredmedia":[{"embeddable":true,"href":"https:\/\/www.cnbb.org.br\/cnbb-app\/wp\/v2\/media\/16734"}],"wp:attachment":[{"href":"https:\/\/www.cnbb.org.br\/cnbb-app\/wp\/v2\/media?parent=16733"}],"wp:term":[{"taxonomy":"category","embeddable":true,"href":"https:\/\/www.cnbb.org.br\/cnbb-app\/wp\/v2\/categories?post=16733"},{"taxonomy":"post_tag","embeddable":true,"href":"https:\/\/www.cnbb.org.br\/cnbb-app\/wp\/v2\/tags?post=16733"}],"curies":[{"name":"wp","href":"https:\/\/api.w.org\/{rel}","templated":true}]}}