{"id":16735,"date":"2010-05-08T00:00:00","date_gmt":"2010-05-08T03:00:00","guid":{"rendered":"https:\/\/www.cnbb.org.br\/48-assembleia-geral-da-cnbb-abre-espaco-para-o-ecumenismo\/"},"modified":"2020-03-11T16:40:07","modified_gmt":"2020-03-11T19:40:07","slug":"48-assembleia-geral-da-cnbb-abre-espaco-para-o-ecumenismo","status":"publish","type":"post","link":"https:\/\/www.cnbb.org.br\/48-assembleia-geral-da-cnbb-abre-espaco-para-o-ecumenismo\/","title":{"rendered":"Assembleia Geral da CNBB abre espa\u00e7o para o ecumenismo"},"content":{"rendered":"<p style=\"text-align: justify\">Na noite de ontem, 7, no plen\u00e1rio da Confedera\u00e7\u00e3o Nacional dos Trabalhadores no Com\u00e9rcio (CNTC), onde est\u00e1 em andamento a 48\u00aa Assembleia Geral da Confer\u00eancia Nacional dos Bispos do Brasil (CNBB), aconteceu a tradicional celebra\u00e7\u00e3o ecum\u00eanica com representantes de diversas Igrejas Crist\u00e3s.<\/p>\n<p><!--more--><\/p>\n<p style=\"text-align: justify\"><img decoding=\"async\" loading=\"lazy\" class=\" alignleft size-full wp-image-4091\" style=\"float: left\" src=\"https:\/\/www.cnbb.org.br\/wp-content\/uploads\/2020\/03\/48agcelecumenicadomalberto2.jpg\" alt=\"48agcelecumenicadomalberto2\" width=\"232\" height=\"338\" \/>A cerim\u00f4nia foi presidida pelo arcebispo de Montes Claros (MG) e presidente da Comiss\u00e3o Episcopal para o Ecumenismo e Di\u00e1logo Interreligioso, da CNBB, dom Jos\u00e9 Alberto Moura e coordenada pelo padre Elias Wolff, assessor da CNBB, da mesma Comiss\u00e3o que dom Moura. Estiveram presentes representantes das Igrejas: Anglicana, Luterana, Presbiteriana Unida, Evang\u00e9lica Quadrangular e Ortodoxa Antioquina.<\/p>\n<p style=\"text-align: justify\">Dom Jos\u00e9 Alberto Moura saudou os presentes, em especial agradeceu a vinda dos convidados e disse que todos s\u00e3o bem-vindos, pois, \u201cs\u00e3o filhos e filhas do mesmo Pai\u201d. \u201cQueremos viver um amor mais intenso, aprofundado e extenso, para que todo o mundo creia que realmente vale \u00e0 pena seguir esse Jesus que nos ensina a sermos solid\u00e1rios, fraternos, unidos, para implantarmos a vida plena de Jesus. Que todos sejam bem-vindos, pois somos filhos do mesmo Pai\u201d.<\/p>\n<p style=\"text-align: justify\">A homilia foi feita pelo presidente do Conselho Nacional de Igrejas Crist\u00e3s (Conic), pastor sinodal Carlos M\u00f6ller, que destacou o ecumenismo da atual Campanha da Fraternidade e a uni\u00e3o entre as Igrejas. \u201cComo \u00e9 bom e agrad\u00e1vel que o povo de Deus viva unido como se todos fossem irm\u00e3os (Salmo 133.1) ,em especial pela realiza\u00e7\u00e3o conjunta da CFE 2010 que, a exemplo de 2000 e 2005 ,refor\u00e7a os la\u00e7os de nossas Igrejas no caminho da unidade e das a\u00e7\u00f5es pastorais conjuntas. A realiza\u00e7\u00e3o da CF Ecum\u00eanica \u00e9, sem d\u00favida, um testemunho muito significativo da CNBB que coloca um de seus maiores projetos de evangeliza\u00e7\u00e3o, sua Campanha da Fraternidade, para realiza\u00e7\u00e3o conjunta, coordenada pelo Conic. Expresso, portanto, meu profundo reconhecimento diante desta Assembleia e reitero o meu muito obrigado\u201d, destacou.<\/p>\n<p style=\"text-align: justify\"><img decoding=\"async\" loading=\"lazy\" class=\" alignleft size-full wp-image-4092\" style=\"float: left\" src=\"https:\/\/www.cnbb.org.br\/wp-content\/uploads\/2020\/03\/48agpastorcarlosmoller.jpg\" alt=\"48agpastorcarlosmoller\" width=\"232\" height=\"300\" \/>O pastor Carlos M\u00f6ller fez uma reflex\u00e3o sobre a Igreja ao longo de s\u00e9culos de modifica\u00e7\u00f5es. \u201cO momento atual da Igreja \u00e9 diferente, os tempos s\u00e3o outros. Atualmente a Igreja n\u00e3o \u00e9 mais aquela estrutura de resist\u00eancia como fora no passado, e a sociedade empurra a Igreja para outros desafios. Ela deixou de ser um \u2018baluarte da resist\u00eancia\u2019 e passou a ser destinat\u00e1ria de toda, e muitas vezes infundada, desconstru\u00e7\u00e3o cr\u00edtica. A Igreja de Cristo no Brasil hoje \u00e9 perguntada pela sua posi\u00e7\u00e3o diante das mudan\u00e7as clim\u00e1ticas, da \u00e1gua como direito humano e bem divino, da terra, do di\u00e1logo interreligioso, para citar alguns exemplos\u201d.<\/p>\n<p style=\"text-align: justify\">Prosseguindo a cerim\u00f4nia, foi rezado o Pai Nosso Ecum\u00eanico e, ao final, houve um momento de confraterniza\u00e7\u00e3o entre todos os presentes, onde os participantes se abra\u00e7aram e se emocionaram.<\/p>\n<p style=\"text-align: justify\">Para dom Jos\u00e9 Alberto Moura a cerim\u00f4nia mostra que as Igrejas s\u00e3o parceiras e podem caminhar juntas em busca do bem comum. \u201cInfelizmente podemos estar separados pelas diverg\u00eancias hist\u00f3ricas, mas unidos no amor de Deus. Temos que fazer um esfor\u00e7o para nos compreendermos mais, sermos mais fraternos. Se caminharmos sozinhos teremos muitas dificuldades, por isso devemos sempre nos apoiar em nossos irm\u00e3os, assim Jesus nos ensinou, e assim devemos agir\u201d, finalizou o arcebispo.<\/p>\n<h4 style=\"text-align: justify\">Participa\u00e7\u00e3o<\/h4>\n<p style=\"text-align: justify\">Estiveram presentes, al\u00e9m do pastor sinodal, Carlos M\u00f6ller e do arcebispo de Montes Claros (MG), dom Jos\u00e9 Alberto Moura, o moderador da Igreja Presbiteriana Unida, pastor Enoc Teixeira; a pastora da Igreja do Evangelho Quadrangular, Diva Chagas; pastora da Igreja Evang\u00e9lica de Confiss\u00e3o Luterana no Brasil, Cibele Kuss; padre da Igreja Ortodoxa Antioquina, Dimitrios Nikolay\u00efdis e o bispo primaz da Igreja Episcopal Anglicana do Brasil, dom Maur\u00edcio Andrade.<\/p>\n<h4 style=\"text-align: justify\"><a href=\"http:\/\/cnbbjoomla.sitesparresia.com\/wp-content\/uploads\/sites\/85\/2010\/05\/48aghomiliapresconiccelebecumenica.doc\" target=\"_blank\" rel=\"noopener\">Confira a homilia do pastor Carlos M\u00f6ller.<\/a><\/h4>\n<h4 style=\"text-align: justify\"><a href=\"http:\/\/www.flickr.com\/photos\/cnbbnacional\/collections\/72157623813423955\/\" target=\"_blank\" rel=\"noopener noreferrer\">Veja fotos do evento no <span style=\"font-size: 18pt\"><strong><span style=\"color: #ff0000\">F<\/span><span style=\"color: #000080\">lickr<\/span><\/strong><\/span>.<\/a><\/h4>\n<p style=\"text-align: justify\"><em><strong>Fotos: Pe. Altevir, CSSp<\/strong><\/em><\/p>\n","protected":false},"excerpt":{"rendered":"<p>Na noite de ontem, 7, no plen\u00e1rio da Confedera\u00e7\u00e3o Nacional dos Trabalhadores no Com\u00e9rcio (CNTC), onde est\u00e1 em andamento a 48\u00aa Assembleia Geral da Confer\u00eancia Nacional dos Bispos do Brasil (CNBB), aconteceu a tradicional celebra\u00e7\u00e3o ecum\u00eanica com representantes de diversas Igrejas Crist\u00e3s.<\/p>\n","protected":false},"author":83,"featured_media":16736,"comment_status":"open","ping_status":"open","sticky":false,"template":"","format":"standard","meta":{"site-sidebar-layout":"default","site-content-layout":"default","ast-global-header-display":"","ast-banner-title-visibility":"","ast-main-header-display":"","ast-hfb-above-header-display":"","ast-hfb-below-header-display":"","ast-hfb-mobile-header-display":"","site-post-title":"","ast-breadcrumbs-content":"","ast-featured-img":"","footer-sml-layout":"","theme-transparent-header-meta":"","adv-header-id-meta":"","stick-header-meta":"","header-above-stick-meta":"","header-main-stick-meta":"","header-below-stick-meta":""},"categories":[852],"tags":[],"acf":[],"_links":{"self":[{"href":"https:\/\/www.cnbb.org.br\/cnbb-app\/wp\/v2\/posts\/16735"}],"collection":[{"href":"https:\/\/www.cnbb.org.br\/cnbb-app\/wp\/v2\/posts"}],"about":[{"href":"https:\/\/www.cnbb.org.br\/cnbb-app\/wp\/v2\/types\/post"}],"author":[{"embeddable":true,"href":"https:\/\/www.cnbb.org.br\/cnbb-app\/wp\/v2\/users\/83"}],"replies":[{"embeddable":true,"href":"https:\/\/www.cnbb.org.br\/cnbb-app\/wp\/v2\/comments?post=16735"}],"version-history":[{"count":0,"href":"https:\/\/www.cnbb.org.br\/cnbb-app\/wp\/v2\/posts\/16735\/revisions"}],"wp:featuredmedia":[{"embeddable":true,"href":"https:\/\/www.cnbb.org.br\/cnbb-app\/wp\/v2\/media\/16736"}],"wp:attachment":[{"href":"https:\/\/www.cnbb.org.br\/cnbb-app\/wp\/v2\/media?parent=16735"}],"wp:term":[{"taxonomy":"category","embeddable":true,"href":"https:\/\/www.cnbb.org.br\/cnbb-app\/wp\/v2\/categories?post=16735"},{"taxonomy":"post_tag","embeddable":true,"href":"https:\/\/www.cnbb.org.br\/cnbb-app\/wp\/v2\/tags?post=16735"}],"curies":[{"name":"wp","href":"https:\/\/api.w.org\/{rel}","templated":true}]}}