{"id":16740,"date":"2010-09-09T00:00:00","date_gmt":"2010-09-09T03:00:00","guid":{"rendered":"https:\/\/www.cnbb.org.br\/padres-da-diocese-de-crato-estudam-ecumenismo-e-dialogo-inter-religioso\/"},"modified":"2020-03-11T16:40:06","modified_gmt":"2020-03-11T19:40:06","slug":"padres-da-diocese-de-crato-estudam-ecumenismo-e-dialogo-inter-religioso","status":"publish","type":"post","link":"https:\/\/www.cnbb.org.br\/padres-da-diocese-de-crato-estudam-ecumenismo-e-dialogo-inter-religioso\/","title":{"rendered":"Padres da diocese de Crato estudam ecumenismo e di\u00e1logo interreligioso"},"content":{"rendered":"<p style=\"text-align: justify\">Nesta quarta-feira, 8, o clero da diocese de Crato (CE) se reuniu para refletir acerca do tema \u201cEcumenismo e di\u00e1logo Interreligioso\u201d. O evento que come\u00e7ou com uma exposi\u00e7\u00e3o te\u00f3rica sobre os fundamentos do ecumenismo, suscitado pelo Decreto &#8220;Unitatis Redintegratio&#8221; do Conc\u00edlio Vaticano II, como tamb\u00e9m da Carta Enc\u00edclica de Jo\u00e3o Paulo II &#8220;Ut Unum Sint&#8221; sobre o empenho ecum\u00eanico.<\/p>\n<p><!--more--><\/p>\n<p style=\"text-align: justify\">Com a presen\u00e7a do bispo diocesano, dom Fernando Panico, e do membro da Comiss\u00e3o episcopal para o ecumenismo e di\u00e1logo Inter-religioso da CNBB, padre Elias Wolff, os participantes refletiram sobre a realidade das par\u00f3quias e as dificuldades encontradas na a\u00e7\u00e3o pastoral. O encontro termina hoje no Centro de Expans\u00e3o Dom Vicente Matos.<\/p>\n","protected":false},"excerpt":{"rendered":"<p>Nesta quarta-feira, 8, o clero da diocese de Crato (CE) se reuniu para refletir acerca do tema \u201cEcumenismo e di\u00e1logo Interreligioso\u201d. O evento que come\u00e7ou com uma exposi\u00e7\u00e3o te\u00f3rica sobre os fundamentos do ecumenismo, suscitado pelo Decreto &#8220;Unitatis Redintegratio&#8221; do Conc\u00edlio Vaticano II, como tamb\u00e9m da Carta Enc\u00edclica de Jo\u00e3o Paulo II &#8220;Ut Unum Sint&#8221; &hellip;<\/p>\n<p class=\"read-more\"> <a class=\"\" href=\"https:\/\/www.cnbb.org.br\/padres-da-diocese-de-crato-estudam-ecumenismo-e-dialogo-inter-religioso\/\"> <span class=\"screen-reader-text\">Padres da diocese de Crato estudam ecumenismo e di\u00e1logo interreligioso<\/span> Leia mais &raquo;<\/a><\/p>\n","protected":false},"author":83,"featured_media":16741,"comment_status":"open","ping_status":"open","sticky":false,"template":"","format":"standard","meta":{"site-sidebar-layout":"default","site-content-layout":"default","ast-global-header-display":"","ast-banner-title-visibility":"","ast-main-header-display":"","ast-hfb-above-header-display":"","ast-hfb-below-header-display":"","ast-hfb-mobile-header-display":"","site-post-title":"","ast-breadcrumbs-content":"","ast-featured-img":"","footer-sml-layout":"","theme-transparent-header-meta":"","adv-header-id-meta":"","stick-header-meta":"","header-above-stick-meta":"","header-main-stick-meta":"","header-below-stick-meta":""},"categories":[852],"tags":[],"acf":[],"_links":{"self":[{"href":"https:\/\/www.cnbb.org.br\/cnbb-app\/wp\/v2\/posts\/16740"}],"collection":[{"href":"https:\/\/www.cnbb.org.br\/cnbb-app\/wp\/v2\/posts"}],"about":[{"href":"https:\/\/www.cnbb.org.br\/cnbb-app\/wp\/v2\/types\/post"}],"author":[{"embeddable":true,"href":"https:\/\/www.cnbb.org.br\/cnbb-app\/wp\/v2\/users\/83"}],"replies":[{"embeddable":true,"href":"https:\/\/www.cnbb.org.br\/cnbb-app\/wp\/v2\/comments?post=16740"}],"version-history":[{"count":0,"href":"https:\/\/www.cnbb.org.br\/cnbb-app\/wp\/v2\/posts\/16740\/revisions"}],"wp:featuredmedia":[{"embeddable":true,"href":"https:\/\/www.cnbb.org.br\/cnbb-app\/wp\/v2\/media\/16741"}],"wp:attachment":[{"href":"https:\/\/www.cnbb.org.br\/cnbb-app\/wp\/v2\/media?parent=16740"}],"wp:term":[{"taxonomy":"category","embeddable":true,"href":"https:\/\/www.cnbb.org.br\/cnbb-app\/wp\/v2\/categories?post=16740"},{"taxonomy":"post_tag","embeddable":true,"href":"https:\/\/www.cnbb.org.br\/cnbb-app\/wp\/v2\/tags?post=16740"}],"curies":[{"name":"wp","href":"https:\/\/api.w.org\/{rel}","templated":true}]}}