{"id":16747,"date":"2010-11-10T00:00:00","date_gmt":"2010-11-10T02:00:00","guid":{"rendered":"https:\/\/www.cnbb.org.br\/ecumenismo-e-dialogo-inter-religioso-no-nordeste-4\/"},"modified":"2020-03-11T16:40:05","modified_gmt":"2020-03-11T19:40:05","slug":"ecumenismo-e-dialogo-inter-religioso-no-nordeste-4","status":"publish","type":"post","link":"https:\/\/www.cnbb.org.br\/ecumenismo-e-dialogo-inter-religioso-no-nordeste-4\/","title":{"rendered":"Ecumenismo e Di\u00e1logo Inter-religioso no Nordeste 4"},"content":{"rendered":"<p style=\"text-align: justify\">Com o objetivo de incentivar a cria\u00e7\u00e3o de comiss\u00f5es diocesanas e regionais para o Ecumenismo e di\u00e1logo inter-religioso, o Regional Nordeste 4 (Piau\u00ed), promoveu um encontro, no \u00faltimo dia 6, com a presen\u00e7a do assessor da Comiss\u00e3o Episcopal para o Ecumenismo e Di\u00e1logo Inter-religioso da CNBB, padre Elias Wolff. O encontro aconteceu em Teresina e reuniu seminaristas das diversas dioceses do Piau\u00ed.<\/p>\n<p><!--more--><\/p>\n<p style=\"text-align: justify\">\u201cO encontro foi positivo no sentido de dar o primeiro passo para criar essa comiss\u00e3o [para o Ecumenismo e di\u00e1logo inter-religioso]. Os que participaram trouxeram o desejo de fazer com que, em suas dioceses, aconte\u00e7a uma caminhada ecum\u00eanica mais convicta\u201d, disse padre Elias.<\/p>\n<p style=\"text-align: justify\">Os seminaristas revelaram a necessidade de se conhecer bem o pluralismo religioso nas dioceses para saber quais s\u00e3o a igrejas e religi\u00f5es com as quais \u00e9 poss\u00edvel manter um contato permanente e um di\u00e1logo est\u00e1vel.<\/p>\n<p style=\"text-align: justify\">&#8220;A partir desse conhecimento, [prop\u00f5e-se] criar na pr\u00f3pria diocese um pequeno grupo que n\u00f3s chamamos de comiss\u00e3o. Um grupo de pessoas que se interessem pela articula\u00e7\u00e3o desse di\u00e1logo, fazendo com que essas iniciativas de ecumenismo pela CNBB ou pelo Conselho Nacional de Igrejas Crist\u00e3s (Conic) possam ser vividas na pr\u00f3pria regi\u00e3o, como por exemplo, a Semana de Ora\u00e7\u00e3o pela Unidade dos Crist\u00e3os, ou Dia Mundial de Ora\u00e7\u00e3o, e tantos outros eventos que sejam significativos&#8221;, esclareceu padre Elias.<\/p>\n<p style=\"text-align: justify\">O encontro fez parte do programa de trabalho da Comiss\u00e3o da CNBB, que inclui visita aos 17 regionais da CNBB. Segundo padre Elias, est\u00e1 programado um retorno ao Regional Nordeste 4 no segundo semestre de 2011.<\/p>\n","protected":false},"excerpt":{"rendered":"<p>Com o objetivo de incentivar a cria\u00e7\u00e3o de comiss\u00f5es diocesanas e regionais para o Ecumenismo e di\u00e1logo inter-religioso, o Regional Nordeste 4 (Piau\u00ed), promoveu um encontro, no \u00faltimo dia 6, com a presen\u00e7a do assessor da Comiss\u00e3o Episcopal para o Ecumenismo e Di\u00e1logo Inter-religioso da CNBB, padre Elias Wolff. O encontro aconteceu em Teresina e &hellip;<\/p>\n<p class=\"read-more\"> <a class=\"\" href=\"https:\/\/www.cnbb.org.br\/ecumenismo-e-dialogo-inter-religioso-no-nordeste-4\/\"> <span class=\"screen-reader-text\">Ecumenismo e Di\u00e1logo Inter-religioso no Nordeste 4<\/span> Leia mais &raquo;<\/a><\/p>\n","protected":false},"author":83,"featured_media":16748,"comment_status":"open","ping_status":"open","sticky":false,"template":"","format":"standard","meta":{"site-sidebar-layout":"default","site-content-layout":"default","ast-global-header-display":"","ast-banner-title-visibility":"","ast-main-header-display":"","ast-hfb-above-header-display":"","ast-hfb-below-header-display":"","ast-hfb-mobile-header-display":"","site-post-title":"","ast-breadcrumbs-content":"","ast-featured-img":"","footer-sml-layout":"","theme-transparent-header-meta":"","adv-header-id-meta":"","stick-header-meta":"","header-above-stick-meta":"","header-main-stick-meta":"","header-below-stick-meta":""},"categories":[852],"tags":[],"acf":[],"_links":{"self":[{"href":"https:\/\/www.cnbb.org.br\/cnbb-app\/wp\/v2\/posts\/16747"}],"collection":[{"href":"https:\/\/www.cnbb.org.br\/cnbb-app\/wp\/v2\/posts"}],"about":[{"href":"https:\/\/www.cnbb.org.br\/cnbb-app\/wp\/v2\/types\/post"}],"author":[{"embeddable":true,"href":"https:\/\/www.cnbb.org.br\/cnbb-app\/wp\/v2\/users\/83"}],"replies":[{"embeddable":true,"href":"https:\/\/www.cnbb.org.br\/cnbb-app\/wp\/v2\/comments?post=16747"}],"version-history":[{"count":0,"href":"https:\/\/www.cnbb.org.br\/cnbb-app\/wp\/v2\/posts\/16747\/revisions"}],"wp:featuredmedia":[{"embeddable":true,"href":"https:\/\/www.cnbb.org.br\/cnbb-app\/wp\/v2\/media\/16748"}],"wp:attachment":[{"href":"https:\/\/www.cnbb.org.br\/cnbb-app\/wp\/v2\/media?parent=16747"}],"wp:term":[{"taxonomy":"category","embeddable":true,"href":"https:\/\/www.cnbb.org.br\/cnbb-app\/wp\/v2\/categories?post=16747"},{"taxonomy":"post_tag","embeddable":true,"href":"https:\/\/www.cnbb.org.br\/cnbb-app\/wp\/v2\/tags?post=16747"}],"curies":[{"name":"wp","href":"https:\/\/api.w.org\/{rel}","templated":true}]}}