{"id":16750,"date":"2010-11-18T00:00:00","date_gmt":"2010-11-18T02:00:00","guid":{"rendered":"https:\/\/www.cnbb.org.br\/sintese-do-seminario-ecumenismo-e-dialogo-inter-religioso\/"},"modified":"2020-03-11T16:40:05","modified_gmt":"2020-03-11T19:40:05","slug":"sintese-do-seminario-ecumenismo-e-dialogo-inter-religioso","status":"publish","type":"post","link":"https:\/\/www.cnbb.org.br\/sintese-do-seminario-ecumenismo-e-dialogo-inter-religioso\/","title":{"rendered":"S\u00edntese do Semin\u00e1rio Ecumenismo e Di\u00e1logo Inter-religioso"},"content":{"rendered":"<p style=\"text-align: justify\">O objetivo do semin\u00e1rio era de promover a discuss\u00e3o sobre a compreens\u00e3o de ecumenismo e di\u00e1logo inter-religioso das igrejas do CONIC e dos organismos ecum\u00eanicos, al\u00e9m de compartilhar as experi\u00eancias ecum\u00eanicas e de di\u00e1logo inter-religioso das Igrejas e organismos ecum\u00eanicos.<\/p>\n<p><!--more--><\/p>\n<p style=\"text-align: justify\">O semin\u00e1rio foi constitu\u00eddo por duas \u201cMesas redondas. A Primeira foi formada pelas representa\u00e7\u00f5es das Igrejas que apresentaram a compreens\u00e3o de ecumenismo de suas Igrejas e as experi\u00eancias de di\u00e1logo inter-religioso.<\/p>\n<p style=\"text-align: justify\">Os pontos comuns nas apresenta\u00e7\u00f5es foram:<\/p>\n<div style=\"text-align: justify\">\n<ul>\n<li>A compreens\u00e3o de que o Ecumenismo \u00e9 fundante igreja. N\u00e3o h\u00e1 Igreja sem ecumenismo.<\/li>\n<li>As diferentes Comiss\u00f5es bilaterais de di\u00e1logo ecum\u00eanico.<\/li>\n<li>As Igrejas apresentadas afirmaram que n\u00e3o h\u00e1 dificuldade para a Vic\u00eancia ecum\u00eanica entre as igrejas. Entretanto, algumas igrejas percebem que h\u00e1 tens\u00e3o quando o di\u00e1logo \u00e9 com express\u00f5es religiosas n\u00e3o crist\u00e3s, em especial as de matrizes africanas e ind\u00edgenas. Constatou-se que n\u00e3o h\u00e1 muita tens\u00e3o quando o dialogo \u00e9 com religi\u00f5es monote\u00edstas, como o Islamismo e Juda\u00edsmo. Com religi\u00f5es orientais como budismo ou Hindu\u00edsmo tamb\u00e9m n\u00e3o h\u00e1 muita resist\u00eancia.<\/li>\n<li>O debate que seguiu a \u201cmesa redonda\u201d identificou que a dificuldade para o di\u00e1logo com religi\u00f5es de matrizes ind\u00edgena e africana \u00e9 fruto do racismo e preconceito, que fazem parte das igrejas latino-americanas, umas vez que muitas constru\u00edram sua teologia a partir da nega\u00e7\u00e3o do outro. No per\u00edodo colonial destaca-se a nega\u00e7\u00e3o da humanidade do negro e do \u00edndio.<\/li>\n<li>As Igrejas t\u00eam a consci\u00eancia da necessidade do di\u00e1logo inter-religioso, mas n\u00e3o aprofundam.<\/li>\n<li>Identificam-se alguns desafios:<\/li>\n<\/ul>\n<\/div>\n<ol>\n<li>Como fazer com que os compromissos expressos nos documentos sejam assumidos pelas igrejas como um todo?<\/li>\n<li>Como as Igrejas assumem as agendas ecum\u00eanicas propostas pelos organismos ecum\u00eanicos?<\/li>\n<li>Em rela\u00e7\u00e3o ao di\u00e1logo inter-religioso, falta a convic\u00e7\u00e3o teol\u00f3gica-b\u00edblico. Ainda n\u00e3o est\u00e3o claros os princ\u00edpios e bases para o di\u00e1logo inter-religioso. Aus\u00eancia de teologia que assegure o di\u00e1logo inter-religioso.<\/li>\n<\/ol>\n<ul>\n<li>Necessidade de discutir o di\u00e1logo inter-religioso desde a perspectiva do estado laico.<\/li>\n<\/ul>\n<p style=\"text-align: justify\">A segunda mesa redonda foi integrada pelos organismos ecum\u00eanicos, presentes no semin\u00e1rio (CLAI, CESE, CONIC, F\u00f3rum Ecum\u00eanico Brasil)<\/p>\n<p style=\"text-align: justify\">Assim como na mesa anterior cada organismo teve a oportunidade de expor sua compreens\u00e3o de ecumenismo e di\u00e1logo inter-religioso, al\u00e9m de apresentar suas experi\u00eancias.<\/p>\n<p style=\"text-align: justify\">Ap\u00f3s a apresenta\u00e7\u00e3o seguiu-se o debate, cujos aspectos centrais foram:<\/p>\n<div style=\"text-align: justify\">\n<ol type=\"a\">\n<li>Fortalecer o di\u00e1logo inter-religioso desde a perspectiva do estado laico, como forma de garantir a elabora\u00e7\u00e3o e aplica\u00e7\u00e3o de pol\u00edticas publicas.<\/li>\n<li>Racismo no Brasil tem raiz religiosa. Demoniza\u00e7\u00e3o do n\u00e3o europeu, do n\u00e3o patriarca, quest\u00e3o dos sujeitos. Com quem vamos trabalhar?<\/li>\n<li>H\u00e1 sinais concretos de um caldo de cultura fascista que foi despertado no movimento eleitoral. Ideologiza\u00e7\u00e3o da religi\u00e3o. Por isso, o movimento ecum\u00eanico precisa pensar seriamente em como criar condi\u00e7\u00f5es e oportunidade de se contrapor \u00e0 vers\u00e3o mais nefasta que o movimento ecum\u00eanico poderia ter: que \u00e9 a \u201creuni\u00e3o ecum\u00eanica\u201d dos fundamentalistas. Necessidade de uma compreens\u00e3o mais completa poss\u00edvel do atual contexto religioso.<\/li>\n<li>Import\u00e2ncia da resignifica\u00e7\u00e3o do ecumenismo abordando tr\u00eas elementos: 1) pluralismo religioso, projetos ecum\u00eanicos para dar credibilidade ao di\u00e1logo. 2) Projeto ecum\u00eanico no Brasil \u00e9 plural e universal pela exist\u00eancia da pluralidade de organismos e pluralidade metodol\u00f3gica. Necessidade de coopera\u00e7\u00e3o. 3) Fios condutores comuns: \u00e0 consci\u00eancia religiosa da causa ecum\u00eanica e h\u00e1 consci\u00eancia social, pois ecum\u00eanico deve oportunizar uma express\u00e3o social da f\u00e9.<\/li>\n<\/ol>\n<\/div>\n<h4 style=\"text-align: justify\">Dia 05 de novembro:<\/h4>\n<p style=\"text-align: justify\">Organiza\u00e7\u00e3o do semin\u00e1rio que anteceder\u00e1 a Assembl\u00e9ia do CONIC.<\/p>\n<p style=\"text-align: justify\"><strong>Tema do Semin\u00e1rio:<\/strong> \u201cO papel das igrejas e organismos no atual contexto religioso brasileiro\u201d.<\/p>\n<p style=\"text-align: justify\"><strong>Per\u00edodo: <\/strong>09 a 10 de mar\u00e7o de 2011.<\/p>\n<p style=\"text-align: justify\"><strong><em>09 de mar\u00e7o:<\/em><\/strong><\/p>\n<ul>\n<li>19hs00: Abertura, celebra\u00e7\u00e3o, apresenta\u00e7\u00e3o dos participantes e apresenta\u00e7\u00e3o do objetivo da atividade.<\/li>\n<li><strong>Confer\u00eancia 1:<\/strong> Pluralismo religioso no contexto brasileiro e seus desafios para o di\u00e1logo. Coordena\u00e7\u00e3o: Elias Wollf<\/li>\n<li>Sugerir ao conferencista tocar na tem\u00e1tica do estado laico.<\/li>\n<\/ul>\n<p style=\"text-align: justify\"><strong><em>10 de mar\u00e7o:<\/em><\/strong><\/p>\n<ul>\n<li><strong>Confer\u00eancia 2<\/strong>: Fundamenta\u00e7\u00e3o b\u00edblico-teol\u00f3gica do movimento ecum\u00eanico e do di\u00e1logo inter-religioso<\/li>\n<li>Conferencia 3: Hist\u00f3ria do Movimento Ecum\u00eanico no Brasil<\/li>\n<li>MESA: Desafios que o contexto religioso apresenta para as pr\u00e1ticas ecum\u00eanicas de CONIC, CLAI e CESE.<\/li>\n<li>Encerramento com apresenta\u00e7\u00e3o da s\u00edntese do semin\u00e1rio com desafios e perspectivas (respons\u00e1vel: Comiss\u00e3o Teol\u00f3gica)<\/li>\n<\/ul>\n<hr \/>\n<p><strong>Promo\u00e7\u00e3o:<\/strong> Conselho Nacional de Igrejas Crist\u00e3s<\/p>\n<p style=\"text-align: justify\"><strong>Data:<\/strong> 04 a 05 de novembro de 2010<\/p>\n<p style=\"text-align: justify\"><strong>Local: <\/strong>Par\u00f3quia Evang\u00e9lica de Confiss\u00e3o Luterana de S\u00e3o Paulo \u2013 Centro<\/p>\n<p style=\"text-align: justify\"><strong>Participantes: <\/strong><\/p>\n<p style=\"text-align: justify\"><strong>Pelos Organismos Ecum\u00eanicos e igrejas:<\/strong><\/p>\n<ul>\n<li>Anivaldo padilha &#8211; CLAI<\/li>\n<li>Dimas Galv\u00e3o &#8211; CESE<\/li>\n<li>Edmilson Schinelo &#8211; Coord. FE \u2013 Brasil<\/li>\n<li>Pe. Elias Wolff &#8211; ICAR<\/li>\n<li>Jorge Atilio &#8211; Coord. FE &#8211; Brasil<\/li>\n<li>Jos\u00e9 Roberto Cavalcante &#8211; IPU<\/li>\n<li>Marcelo Schneider &#8211; Coord. FE &#8211; Brasil \/ IECLB<\/li>\n<li>Zulmira In\u00eas \u2013 ISOA<\/li>\n<\/ul>\n<p style=\"text-align: justify\"><strong>CONIC:<\/strong><\/p>\n<ul>\n<li>Pe. Elias Wolff &#8211; ICAR<\/li>\n<li>Pe. Joanilsom Pires &#8211; Comiss\u00e3o Teol\u00f3gica<\/li>\n<li>Rev. Julio Cesar &#8211; Comiss\u00e3o Teol\u00f3gica<\/li>\n<li>Rev. Pedro Triana &#8211; Comiss\u00e3o Teol\u00f3gica<\/li>\n<li>Pa. Romi M\u00e1rcia Bencke &#8211; Comiss\u00e3o Teol\u00f3gica<\/li>\n<li>Sra. Janette Ludwig &#8211; Diretoria do CONIC<\/li>\n<li>Rev. Luiz Alberto Barbosa<\/li>\n<\/ul>\n","protected":false},"excerpt":{"rendered":"<p>O objetivo do semin\u00e1rio era de promover a discuss\u00e3o sobre a compreens\u00e3o de ecumenismo e di\u00e1logo inter-religioso das igrejas do CONIC e dos organismos ecum\u00eanicos, al\u00e9m de compartilhar as experi\u00eancias ecum\u00eanicas e de di\u00e1logo inter-religioso das Igrejas e organismos ecum\u00eanicos.<\/p>\n","protected":false},"author":83,"featured_media":16725,"comment_status":"open","ping_status":"open","sticky":false,"template":"","format":"standard","meta":{"site-sidebar-layout":"default","site-content-layout":"default","ast-global-header-display":"","ast-banner-title-visibility":"","ast-main-header-display":"","ast-hfb-above-header-display":"","ast-hfb-below-header-display":"","ast-hfb-mobile-header-display":"","site-post-title":"","ast-breadcrumbs-content":"","ast-featured-img":"","footer-sml-layout":"","theme-transparent-header-meta":"","adv-header-id-meta":"","stick-header-meta":"","header-above-stick-meta":"","header-main-stick-meta":"","header-below-stick-meta":""},"categories":[852],"tags":[],"acf":[],"_links":{"self":[{"href":"https:\/\/www.cnbb.org.br\/cnbb-app\/wp\/v2\/posts\/16750"}],"collection":[{"href":"https:\/\/www.cnbb.org.br\/cnbb-app\/wp\/v2\/posts"}],"about":[{"href":"https:\/\/www.cnbb.org.br\/cnbb-app\/wp\/v2\/types\/post"}],"author":[{"embeddable":true,"href":"https:\/\/www.cnbb.org.br\/cnbb-app\/wp\/v2\/users\/83"}],"replies":[{"embeddable":true,"href":"https:\/\/www.cnbb.org.br\/cnbb-app\/wp\/v2\/comments?post=16750"}],"version-history":[{"count":0,"href":"https:\/\/www.cnbb.org.br\/cnbb-app\/wp\/v2\/posts\/16750\/revisions"}],"wp:featuredmedia":[{"embeddable":true,"href":"https:\/\/www.cnbb.org.br\/cnbb-app\/wp\/v2\/media\/16725"}],"wp:attachment":[{"href":"https:\/\/www.cnbb.org.br\/cnbb-app\/wp\/v2\/media?parent=16750"}],"wp:term":[{"taxonomy":"category","embeddable":true,"href":"https:\/\/www.cnbb.org.br\/cnbb-app\/wp\/v2\/categories?post=16750"},{"taxonomy":"post_tag","embeddable":true,"href":"https:\/\/www.cnbb.org.br\/cnbb-app\/wp\/v2\/tags?post=16750"}],"curies":[{"name":"wp","href":"https:\/\/api.w.org\/{rel}","templated":true}]}}