{"id":16751,"date":"2010-12-03T00:00:00","date_gmt":"2010-12-03T02:00:00","guid":{"rendered":"https:\/\/www.cnbb.org.br\/criancas-e-adolescentes-discutem-mudancas-climaticas-em-brasilia\/"},"modified":"2020-03-11T16:40:04","modified_gmt":"2020-03-11T19:40:04","slug":"criancas-e-adolescentes-discutem-mudancas-climaticas-em-brasilia","status":"publish","type":"post","link":"https:\/\/www.cnbb.org.br\/criancas-e-adolescentes-discutem-mudancas-climaticas-em-brasilia\/","title":{"rendered":"Crian\u00e7as e adolescentes discutem mudan\u00e7as clim\u00e1ticas em Bras\u00edlia"},"content":{"rendered":"<div style=\"text-align: justify\"><\/div>\n<p style=\"text-align: justify\">Um grupo de 30 crian\u00e7as e adolescentes de v\u00e1rias partes do Brasil se re\u00fane em Bras\u00edlia, a partir de segunda-feira, 6, para o encontro \u201cMudan\u00e7as Clim\u00e1ticas: nossa vida est\u00e1 em jogo\u201d, promovido pela Coordenadoria Ecum\u00eanica de Servi\u00e7o (CESE). As crian\u00e7as participantes s\u00e3o membros de comunidades tradicionais, ind\u00edgenas, quilombolas, sem-terra, do semi-\u00e1rido, das grandes cidades, Cerrado e Amaz\u00f4nia e t\u00eam entre 12 e 16 anos.<\/p>\n<p>  <!--more-->  <\/p>\n<p style=\"text-align: justify\">A inten\u00e7\u00e3o do encontro \u00e9 manifestar a preocupa\u00e7\u00e3o das crian\u00e7as e adolescentes brasileiras para com os desafios trazidos pelas mudan\u00e7as clim\u00e1ticas no Brasil e no mundo. Eles tamb\u00e9m v\u00e3o cobrar dos parlamentares brasileiros, atrav\u00e9s de visitas ao Congresso, um compromisso do poder p\u00fablico para com estas mudan\u00e7as que atingem os mais diferentes biomas, comunidades tradicionais e moradores de periferias das grandes cidades.<\/p>\n<p style=\"text-align: justify\">As crian\u00e7as e adolescentes se prepararam para o encontro com reuni\u00f5es em suas comunidades e j\u00e1 conversaram sobre as condi\u00e7\u00f5es s\u00f3cio-ambientais de diversos biomas e realidades do Brasil.<\/p>\n<p style=\"text-align: justify\">O evento em Bras\u00edlia vai at\u00e9 o dia 8, no Centro Cultural de Bras\u00edlia (CCB), e tem o apoio do Conselho Indigenista Mission\u00e1rio (CIMI), organismo vinculado com a CNBB. A pauta prev\u00ea uma visita ao Congresso Nacional quando as crian\u00e7as e adolescentes apresentar\u00e3o o jogo \u201cMudan\u00e7as Clim\u00e1ticas Nossa vida est\u00e1 em Jogo\u201d e suas propostas, reivindica\u00e7\u00f5es e manifesta\u00e7\u00f5es a respeito do tema.<\/p>\n<p style=\"text-align: justify\">Confira a programa\u00e7\u00e3o abaixo:<\/p>\n<h4 style=\"text-align: center\">MUDAN\u00c7AS CLIM\u00c1TICAS: NOSSA VIDA EST\u00c1 EM JOGO!<\/h4>\n<p style=\"text-align: center\"><em>Encontro com crian\u00e7as e adolescentes<\/em><\/p>\n<p style=\"text-align: center\"><em>Bras\u00edlia, 6 a 8 de dezembro de 2010<\/em><\/p>\n<p style=\"text-align: center\"><em>Centro Cultural de Bras\u00edlia<\/em><\/p>\n<p style=\"text-align: justify\"><strong>06 DE DEZEMBRO<\/strong><\/p>\n<p style=\"text-align: justify\"><em>14h \u2013 Quem somos n\u00f3s? <\/em><\/p>\n<ul>\n<li>Atividade de integra\u00e7\u00e3o e apresenta\u00e7\u00e3o dos\/as participantes.<\/li>\n<li>Como vai o meu lugar?<\/li>\n<li> Relatos dos\/as participantes a partir do roteiro preparat\u00f3rio<\/li>\n<\/ul>\n<p style=\"text-align: justify\"><em>16h &#8211; Mudan\u00e7as Clim\u00e1ticas: entrando no jogo<\/em><\/p>\n<ul>\n<li> Introdu\u00e7\u00e3o ao tema a partir dos relatos dos participantes<\/li>\n<\/ul>\n<p style=\"text-align: justify\"><strong>07 DE DEZEMBRO<\/strong><\/p>\n<p style=\"text-align: justify\"><em>08h30 \u2013 A nossa a\u00e7\u00e3o pode mudar o jogo!<\/em><\/p>\n<ul>\n<li> Roda de di\u00e1logo com o ambientalista Carlos Dayrell<\/li>\n<\/ul>\n<p style=\"text-align: justify\"><em>10h &#8211; Outras palavras para o Brasil<\/em><\/p>\n<ul>\n<li>Oficina de palavras para a Bandeira do Brasil que queremos, que ser\u00e1 conduzida pelo artista pl\u00e1stico e poeta Ben\u00e9 Fonteles<\/li>\n<li>Escrever uma carta para as comunidades e autoridades do Brasil<\/li>\n<\/ul>\n<p style=\"text-align: justify\"><em>14h \u2013 Pintando o Brasil que queremos<\/em><\/p>\n<ul>\n<li> Oficina para pintar as palavras que queremos na Bandeira do Brasil<\/li>\n<\/ul>\n<p style=\"text-align: justify\"><em>16h \u2013 Preparando nossa visita ao Congresso Nacional<\/em><\/p>\n<ul>\n<li> Organiza\u00e7\u00e3o das equipes e divis\u00e3o das tarefas<\/li>\n<\/ul>\n<p style=\"text-align: justify\"><strong>08 DE DEZEMBRO<\/strong><\/p>\n<p style=\"text-align: justify\"><em>09h \u2013 A\u00e7\u00e3o no Congresso Nacional<\/em><\/p>\n<ul>\n<li>Visita ao Congresso Nacional, apresenta\u00e7\u00e3o da Carta e da Bandeira feitos pelas crian\u00e7as e adolescentes, entrega do jogo \u201cMudan\u00e7as Clim\u00e1ticas: Nossa vida est\u00e1 em Jogo\u201d para as autoridades.<\/li>\n<\/ul>\n","protected":false},"excerpt":{"rendered":"<p>Um grupo de 30 crian\u00e7as e adolescentes de v\u00e1rias partes do Brasil se re\u00fane em Bras\u00edlia, a partir de segunda-feira, 6, para o encontro \u201cMudan\u00e7as Clim\u00e1ticas: nossa vida est\u00e1 em jogo\u201d, promovido pela Coordenadoria Ecum\u00eanica de Servi\u00e7o (CESE). As crian\u00e7as participantes s\u00e3o membros de comunidades tradicionais, ind\u00edgenas, quilombolas, sem-terra, do semi-\u00e1rido, das grandes cidades, Cerrado &hellip;<\/p>\n<p class=\"read-more\"> <a class=\"\" href=\"https:\/\/www.cnbb.org.br\/criancas-e-adolescentes-discutem-mudancas-climaticas-em-brasilia\/\"> <span class=\"screen-reader-text\">Crian\u00e7as e adolescentes discutem mudan\u00e7as clim\u00e1ticas em Bras\u00edlia<\/span> Leia mais &raquo;<\/a><\/p>\n","protected":false},"author":83,"featured_media":16752,"comment_status":"open","ping_status":"open","sticky":false,"template":"","format":"standard","meta":{"site-sidebar-layout":"default","site-content-layout":"default","ast-global-header-display":"","ast-banner-title-visibility":"","ast-main-header-display":"","ast-hfb-above-header-display":"","ast-hfb-below-header-display":"","ast-hfb-mobile-header-display":"","site-post-title":"","ast-breadcrumbs-content":"","ast-featured-img":"","footer-sml-layout":"","theme-transparent-header-meta":"","adv-header-id-meta":"","stick-header-meta":"","header-above-stick-meta":"","header-main-stick-meta":"","header-below-stick-meta":""},"categories":[852],"tags":[],"acf":[],"_links":{"self":[{"href":"https:\/\/www.cnbb.org.br\/cnbb-app\/wp\/v2\/posts\/16751"}],"collection":[{"href":"https:\/\/www.cnbb.org.br\/cnbb-app\/wp\/v2\/posts"}],"about":[{"href":"https:\/\/www.cnbb.org.br\/cnbb-app\/wp\/v2\/types\/post"}],"author":[{"embeddable":true,"href":"https:\/\/www.cnbb.org.br\/cnbb-app\/wp\/v2\/users\/83"}],"replies":[{"embeddable":true,"href":"https:\/\/www.cnbb.org.br\/cnbb-app\/wp\/v2\/comments?post=16751"}],"version-history":[{"count":0,"href":"https:\/\/www.cnbb.org.br\/cnbb-app\/wp\/v2\/posts\/16751\/revisions"}],"wp:featuredmedia":[{"embeddable":true,"href":"https:\/\/www.cnbb.org.br\/cnbb-app\/wp\/v2\/media\/16752"}],"wp:attachment":[{"href":"https:\/\/www.cnbb.org.br\/cnbb-app\/wp\/v2\/media?parent=16751"}],"wp:term":[{"taxonomy":"category","embeddable":true,"href":"https:\/\/www.cnbb.org.br\/cnbb-app\/wp\/v2\/categories?post=16751"},{"taxonomy":"post_tag","embeddable":true,"href":"https:\/\/www.cnbb.org.br\/cnbb-app\/wp\/v2\/tags?post=16751"}],"curies":[{"name":"wp","href":"https:\/\/api.w.org\/{rel}","templated":true}]}}