{"id":16755,"date":"2011-02-15T00:00:00","date_gmt":"2011-02-15T02:00:00","guid":{"rendered":"https:\/\/www.cnbb.org.br\/igrejas-europeias-discutem-liberdade-religiosa-e-ecumenismo\/"},"modified":"2020-03-11T16:40:04","modified_gmt":"2020-03-11T19:40:04","slug":"igrejas-europeias-discutem-liberdade-religiosa-e-ecumenismo","status":"publish","type":"post","link":"https:\/\/www.cnbb.org.br\/igrejas-europeias-discutem-liberdade-religiosa-e-ecumenismo\/","title":{"rendered":"Igrejas europ\u00e9ias debatem liberdade religiosa e ecumenismo"},"content":{"rendered":"<p style=\"text-align: justify\">A liberdade religiosa e o ecumenismo ser\u00e3o alguns dos temas que os bispos do Conselho de Confer\u00eancias Episcopais da Europa (CCEE) e os representantes da Confer\u00eancia das Igrejas Europ\u00e9ias (CEC) discutir\u00e3o na reuni\u00e3o anual que se realizar\u00e1 entre os dias 17 e 20, em Belgrado, S\u00e9rvia. Nesta reuni\u00e3o, ser\u00e1 tratado tamb\u00e9m o tema da crise econ\u00f4mica e a paz no mundo, e revisar\u00e3o as rela\u00e7\u00f5es entre a identidade crist\u00e3 na Europa e sua integra\u00e7\u00e3o atual.<\/p>\n<p><!--more--><\/p>\n<p style=\"text-align: justify\">O tema da liberdade religiosa ser\u00e1 exposto pelo professor italiano Massimo Introvigne, representante junto \u00e0 Organiza\u00e7\u00e3o para a Seguran\u00e7a e Coopera\u00e7\u00e3o na Europa (OSCE) para combater o racismo, a xenofobia e a discrimina\u00e7\u00e3o contra os crist\u00e3os e membros de outras religi\u00f5es. O ecumenismo ser\u00e1 tratado pela doutora Joanna J. Matuszewska, te\u00f3loga da Igreja Evang\u00e9lica Reformada da Pol\u00f4nia.<\/p>\n<p style=\"text-align: justify\">A agenda de trabalho tamb\u00e9m prev\u00ea o tema da presen\u00e7a de ciganos na Europa do Leste e as rela\u00e7\u00f5es entre crist\u00e3os e mu\u00e7ulmanos na Europa.<\/p>\n<p style=\"text-align: justify\">A representa\u00e7\u00e3o cat\u00f3lica estar\u00e1 formada, entre outros, pelo presidente e vice-presidente da CCEE, respectivamente, cardeal Peter Erdo, arcebispo de Esztergom-Budapest (Hungria) e cardeal Jean-Pierre Ricard, arcebispo do Bordeaux (Fran\u00e7a).<\/p>\n","protected":false},"excerpt":{"rendered":"<p>A liberdade religiosa e o ecumenismo ser\u00e3o alguns dos temas que os bispos do Conselho de Confer\u00eancias Episcopais da Europa (CCEE) e os representantes da Confer\u00eancia das Igrejas Europ\u00e9ias (CEC) discutir\u00e3o na reuni\u00e3o anual que se realizar\u00e1 entre os dias 17 e 20, em Belgrado, S\u00e9rvia. Nesta reuni\u00e3o, ser\u00e1 tratado tamb\u00e9m o tema da crise &hellip;<\/p>\n<p class=\"read-more\"> <a class=\"\" href=\"https:\/\/www.cnbb.org.br\/igrejas-europeias-discutem-liberdade-religiosa-e-ecumenismo\/\"> <span class=\"screen-reader-text\">Igrejas europ\u00e9ias debatem liberdade religiosa e ecumenismo<\/span> Leia mais &raquo;<\/a><\/p>\n","protected":false},"author":83,"featured_media":16756,"comment_status":"open","ping_status":"open","sticky":false,"template":"","format":"standard","meta":{"site-sidebar-layout":"default","site-content-layout":"default","ast-global-header-display":"","ast-banner-title-visibility":"","ast-main-header-display":"","ast-hfb-above-header-display":"","ast-hfb-below-header-display":"","ast-hfb-mobile-header-display":"","site-post-title":"","ast-breadcrumbs-content":"","ast-featured-img":"","footer-sml-layout":"","theme-transparent-header-meta":"","adv-header-id-meta":"","stick-header-meta":"","header-above-stick-meta":"","header-main-stick-meta":"","header-below-stick-meta":""},"categories":[852],"tags":[],"acf":[],"_links":{"self":[{"href":"https:\/\/www.cnbb.org.br\/cnbb-app\/wp\/v2\/posts\/16755"}],"collection":[{"href":"https:\/\/www.cnbb.org.br\/cnbb-app\/wp\/v2\/posts"}],"about":[{"href":"https:\/\/www.cnbb.org.br\/cnbb-app\/wp\/v2\/types\/post"}],"author":[{"embeddable":true,"href":"https:\/\/www.cnbb.org.br\/cnbb-app\/wp\/v2\/users\/83"}],"replies":[{"embeddable":true,"href":"https:\/\/www.cnbb.org.br\/cnbb-app\/wp\/v2\/comments?post=16755"}],"version-history":[{"count":0,"href":"https:\/\/www.cnbb.org.br\/cnbb-app\/wp\/v2\/posts\/16755\/revisions"}],"wp:featuredmedia":[{"embeddable":true,"href":"https:\/\/www.cnbb.org.br\/cnbb-app\/wp\/v2\/media\/16756"}],"wp:attachment":[{"href":"https:\/\/www.cnbb.org.br\/cnbb-app\/wp\/v2\/media?parent=16755"}],"wp:term":[{"taxonomy":"category","embeddable":true,"href":"https:\/\/www.cnbb.org.br\/cnbb-app\/wp\/v2\/categories?post=16755"},{"taxonomy":"post_tag","embeddable":true,"href":"https:\/\/www.cnbb.org.br\/cnbb-app\/wp\/v2\/tags?post=16755"}],"curies":[{"name":"wp","href":"https:\/\/api.w.org\/{rel}","templated":true}]}}