{"id":16764,"date":"2011-09-01T00:00:00","date_gmt":"2011-09-01T03:00:00","guid":{"rendered":"https:\/\/www.cnbb.org.br\/encontro-em-sao-leopoldo-debate-ecumenismo-e-ecologia\/"},"modified":"2020-03-11T16:40:03","modified_gmt":"2020-03-11T19:40:03","slug":"encontro-em-sao-leopoldo-debate-ecumenismo-e-ecologia","status":"publish","type":"post","link":"https:\/\/www.cnbb.org.br\/encontro-em-sao-leopoldo-debate-ecumenismo-e-ecologia\/","title":{"rendered":"Encontro em S\u00e3o Leopoldo debate Ecumenismo e Ecologia"},"content":{"rendered":"<p style=\"text-align: justify\">Crist\u00e3os, de diferentes denomina\u00e7\u00f5es (cat\u00f3licos romanos, luteranos, anglicanos, presbiterianos, batistas e metodistas) se reuniram na cidade de S\u00e3o Leopoldo (RS), nos dias 26 a 28, para participar do Mutir\u00e3o Ecum\u00eanico \u2013 6\u00ba Sul\u00e3o.<\/p>\n<p><!--more--><\/p>\n<p style=\"text-align: justify\">Convidados a pensar \u201cEcumenismo e Ecologia\u201d a partir de suas pr\u00e1ticas locais e a\u00e7\u00f5es globais, os participantes desafiados pelo tema \u201cUnidos em Cristo na defesa da Cria\u00e7\u00e3o\u201d. \u201cBuscamos respostas prof\u00e9ticas e ousadas, pois, sentimos que a cria\u00e7\u00e3o espera com impaci\u00eancia a manifesta\u00e7\u00e3o dos filhos de Deus (Rm 8:19)\u201d, afirmou o assessor da Comiss\u00e3o Episcopal Pastoral para o Ecumenismo e o Di\u00e1logo Inter-religioso, padre Elias Wolf.<\/p>\n<p style=\"text-align: justify\">O encontro contou com gente de v\u00e1rios lugares do Brasil e do mundo, como S\u00e3o Paulo (SP), Paran\u00e1 (PR), Santa Catarina (SC), Rio de Janeiro (RJ), Pernambuco (PE), Uruguai, Argentina, Cuba, Col\u00f4mbia e Mo\u00e7ambique. Ao todo foram 210 agentes ecum\u00eanicos.<\/p>\n<p style=\"text-align: justify\">\u201cTivemos momentos para celebrar e conviver, trocar experi\u00eancias e aprofundar a compreens\u00e3o do ecumenismo. Damo-nos conta de que somos muitos na caminhada ecum\u00eanica. Como agentes do ecumenismo nos animamos a continuar a caminhada, dentro e fora do espa\u00e7o eclesial. Fortalecidos e confirmados pela Palavra de Deus nas celebra\u00e7\u00f5es, contando com as luzes e a for\u00e7a do Esp\u00edrito Santo, deixamos nos questionar pelos problemas e situa\u00e7\u00f5es que amea\u00e7am a vida em todas as suas manifesta\u00e7\u00f5es. Com esperan\u00e7a, como filhas e filhos de Deus, assumimos posturas e a\u00e7\u00f5es concretas em defesa da vida\u201d, explicou o padre Elias.<\/p>\n<p style=\"text-align: justify\"><a href=\"http:\/\/cnbbjoomla.sitesparresia.com\/wp-content\/uploads\/sites\/85\/2011\/09\/Carta_do_Mutiro_Ecumnico_-_Sulo_VI.doc\" target=\"_blank\" rel=\"noopener\">Leia a carta final do encontro ecum\u00eanico realizado em S\u00e3o Leopoldo (RS).<\/a><\/p>\n","protected":false},"excerpt":{"rendered":"<p>Crist\u00e3os, de diferentes denomina\u00e7\u00f5es (cat\u00f3licos romanos, luteranos, anglicanos, presbiterianos, batistas e metodistas) se reuniram na cidade de S\u00e3o Leopoldo (RS), nos dias 26 a 28, para participar do Mutir\u00e3o Ecum\u00eanico \u2013 6\u00ba Sul\u00e3o.<\/p>\n","protected":false},"author":83,"featured_media":16765,"comment_status":"open","ping_status":"open","sticky":false,"template":"","format":"standard","meta":{"site-sidebar-layout":"default","site-content-layout":"default","ast-global-header-display":"","ast-banner-title-visibility":"","ast-main-header-display":"","ast-hfb-above-header-display":"","ast-hfb-below-header-display":"","ast-hfb-mobile-header-display":"","site-post-title":"","ast-breadcrumbs-content":"","ast-featured-img":"","footer-sml-layout":"","theme-transparent-header-meta":"","adv-header-id-meta":"","stick-header-meta":"","header-above-stick-meta":"","header-main-stick-meta":"","header-below-stick-meta":""},"categories":[852],"tags":[],"acf":[],"_links":{"self":[{"href":"https:\/\/www.cnbb.org.br\/cnbb-app\/wp\/v2\/posts\/16764"}],"collection":[{"href":"https:\/\/www.cnbb.org.br\/cnbb-app\/wp\/v2\/posts"}],"about":[{"href":"https:\/\/www.cnbb.org.br\/cnbb-app\/wp\/v2\/types\/post"}],"author":[{"embeddable":true,"href":"https:\/\/www.cnbb.org.br\/cnbb-app\/wp\/v2\/users\/83"}],"replies":[{"embeddable":true,"href":"https:\/\/www.cnbb.org.br\/cnbb-app\/wp\/v2\/comments?post=16764"}],"version-history":[{"count":0,"href":"https:\/\/www.cnbb.org.br\/cnbb-app\/wp\/v2\/posts\/16764\/revisions"}],"wp:featuredmedia":[{"embeddable":true,"href":"https:\/\/www.cnbb.org.br\/cnbb-app\/wp\/v2\/media\/16765"}],"wp:attachment":[{"href":"https:\/\/www.cnbb.org.br\/cnbb-app\/wp\/v2\/media?parent=16764"}],"wp:term":[{"taxonomy":"category","embeddable":true,"href":"https:\/\/www.cnbb.org.br\/cnbb-app\/wp\/v2\/categories?post=16764"},{"taxonomy":"post_tag","embeddable":true,"href":"https:\/\/www.cnbb.org.br\/cnbb-app\/wp\/v2\/tags?post=16764"}],"curies":[{"name":"wp","href":"https:\/\/api.w.org\/{rel}","templated":true}]}}