{"id":16775,"date":"2012-02-08T00:00:00","date_gmt":"2012-02-08T02:00:00","guid":{"rendered":"https:\/\/www.cnbb.org.br\/padre-elias-wolff-fala-sobre-o-3o-simposio-de-ecumenismo\/"},"modified":"2020-03-11T16:40:02","modified_gmt":"2020-03-11T19:40:02","slug":"padre-elias-wolff-fala-sobre-o-3o-simposio-de-ecumenismo","status":"publish","type":"post","link":"https:\/\/www.cnbb.org.br\/padre-elias-wolff-fala-sobre-o-3o-simposio-de-ecumenismo\/","title":{"rendered":"Padre Elias Wolff fala sobre o 3\u00ba Simp\u00f3sio de Ecumenismo"},"content":{"rendered":"<p style=\"text-align: justify\">A Comiss\u00e3o Episcopal Pastoral para o Ecumenismo e o Di\u00e1logo Interreligioso, da Confer\u00eancia Nacional dos Bispos do Brasil (CNBB), estar\u00e1 realizando, de 10 a 12 de fevereiro, na cidade do Rio de Janeiro (RJ), o 3\u00ba Simp\u00f3sio sobre Ecumenismo e o 15\u00ba Encontro de Professores de Ecumenismo e de Di\u00e1logo Interreligioso. O tema do evento \u00e9 \u201cA Diversidade Religiosa no Brasil\u201d, e conta com a assessoria de cientistas das religi\u00f5es e te\u00f3logos.<\/p>\n<p><!--more--><\/p>\n<p style=\"text-align: justify\">\u201cO crescente pluralismo eclesial e religioso da nossa sociedade, apresentam a necessidade de desenvolvermos posturas de respeito, acolhida, di\u00e1logo e coopera\u00e7\u00e3o ecum\u00eanica e interreligiosa. Para tanto, faz-se necess\u00e1ria uma adequada forma\u00e7\u00e3o, capaz de aprofundar o conhecimento sobre o di\u00e1logo j\u00e1 realizado, bem como compreender as exig\u00eancias e as possibilidades para a continuidade do di\u00e1logo ecum\u00eanico e interreligioso no Brasil\u201d, diz o assessor da Comiss\u00e3o da CNBB, padre Elias Wolff.<\/p>\n<p style=\"text-align: justify\">Um dos principais objetivos do Simp\u00f3sio e do Encontro dos Professores, \u00e9 compreender os aspectos determinantes do pluralismo eclesial e religioso no Brasil; Capacitar agentes de pastoral para o di\u00e1logo ecum\u00eanico e interreligioso e formar professores do ensino religioso em escolas p\u00fablicas e particulares.<\/p>\n","protected":false},"excerpt":{"rendered":"<p>A Comiss\u00e3o Episcopal Pastoral para o Ecumenismo e o Di\u00e1logo Interreligioso, da Confer\u00eancia Nacional dos Bispos do Brasil (CNBB), estar\u00e1 realizando, de 10 a 12 de fevereiro, na cidade do Rio de Janeiro (RJ), o 3\u00ba Simp\u00f3sio sobre Ecumenismo e o 15\u00ba Encontro de Professores de Ecumenismo e de Di\u00e1logo Interreligioso. O tema do evento &hellip;<\/p>\n<p class=\"read-more\"> <a class=\"\" href=\"https:\/\/www.cnbb.org.br\/padre-elias-wolff-fala-sobre-o-3o-simposio-de-ecumenismo\/\"> <span class=\"screen-reader-text\">Padre Elias Wolff fala sobre o 3\u00ba Simp\u00f3sio de Ecumenismo<\/span> Leia mais &raquo;<\/a><\/p>\n","protected":false},"author":83,"featured_media":16759,"comment_status":"open","ping_status":"open","sticky":false,"template":"","format":"standard","meta":{"site-sidebar-layout":"default","site-content-layout":"default","ast-global-header-display":"","ast-banner-title-visibility":"","ast-main-header-display":"","ast-hfb-above-header-display":"","ast-hfb-below-header-display":"","ast-hfb-mobile-header-display":"","site-post-title":"","ast-breadcrumbs-content":"","ast-featured-img":"","footer-sml-layout":"","theme-transparent-header-meta":"","adv-header-id-meta":"","stick-header-meta":"","header-above-stick-meta":"","header-main-stick-meta":"","header-below-stick-meta":""},"categories":[852],"tags":[],"acf":[],"_links":{"self":[{"href":"https:\/\/www.cnbb.org.br\/cnbb-app\/wp\/v2\/posts\/16775"}],"collection":[{"href":"https:\/\/www.cnbb.org.br\/cnbb-app\/wp\/v2\/posts"}],"about":[{"href":"https:\/\/www.cnbb.org.br\/cnbb-app\/wp\/v2\/types\/post"}],"author":[{"embeddable":true,"href":"https:\/\/www.cnbb.org.br\/cnbb-app\/wp\/v2\/users\/83"}],"replies":[{"embeddable":true,"href":"https:\/\/www.cnbb.org.br\/cnbb-app\/wp\/v2\/comments?post=16775"}],"version-history":[{"count":0,"href":"https:\/\/www.cnbb.org.br\/cnbb-app\/wp\/v2\/posts\/16775\/revisions"}],"wp:featuredmedia":[{"embeddable":true,"href":"https:\/\/www.cnbb.org.br\/cnbb-app\/wp\/v2\/media\/16759"}],"wp:attachment":[{"href":"https:\/\/www.cnbb.org.br\/cnbb-app\/wp\/v2\/media?parent=16775"}],"wp:term":[{"taxonomy":"category","embeddable":true,"href":"https:\/\/www.cnbb.org.br\/cnbb-app\/wp\/v2\/categories?post=16775"},{"taxonomy":"post_tag","embeddable":true,"href":"https:\/\/www.cnbb.org.br\/cnbb-app\/wp\/v2\/tags?post=16775"}],"curies":[{"name":"wp","href":"https:\/\/api.w.org\/{rel}","templated":true}]}}