{"id":16781,"date":"2012-03-27T00:00:00","date_gmt":"2012-03-27T03:00:00","guid":{"rendered":"https:\/\/www.cnbb.org.br\/semana-de-oracao-pela-unidade-dos-cristaos-2012\/"},"modified":"2020-03-11T16:40:01","modified_gmt":"2020-03-11T19:40:01","slug":"semana-de-oracao-pela-unidade-dos-cristaos-2012","status":"publish","type":"post","link":"https:\/\/www.cnbb.org.br\/semana-de-oracao-pela-unidade-dos-cristaos-2012\/","title":{"rendered":"Semana de Ora\u00e7\u00e3o pela Unidade dos Crist\u00e3os 2012"},"content":{"rendered":"<p style=\"text-align: justify\">Entre os dias 20 e 27 de maio, crist\u00e3os de todo o Hemisf\u00e9rio Sul estar\u00e3o unidos celebrando a Semana de Ora\u00e7\u00e3o pela Unidade dos Crist\u00e3os (SOUC). Ser\u00e1 uma semana muito especial, pois pessoas das mais variadas etnias e culturas estar\u00e3o dedicadas \u00e0 reflex\u00e3o sobre a import\u00e2ncia da unidade na diversidade.<\/p>\n<p>  <!--more-->  <\/p>\n<p style=\"text-align: justify\">A SOUC, que este ano tem como tema \u201cTodos seremos transformados pela vit\u00f3ria de nosso Senhor Jesus Cristo\u201d, baseado na carta do ap\u00f3stolo Paulo, pretende contribuir para que irm\u00e3os de diferentes congrega\u00e7\u00f5es se juntem em momentos \u00fanicos de partilha, comunh\u00e3o e integra\u00e7\u00e3o.<\/p>\n<p style=\"text-align: justify\">Acesse o blog da SOUC e saiba tudo sobre o evento, baixe o cartaz e sabia a programa\u00e7\u00e3o de sua regi\u00e3o. O endere\u00e7o eletr\u00f4nico \u00e9 <a href=\"http:\/\/semanadeoracaopelaunidade.blogspot.com.br\/\" target=\"_blank\" rel=\"noopener\">http:\/\/semanadeoracaopelaunidade.blogspot.com.br\/<\/a>.<\/p>\n<p style=\"text-align: justify\">Leia abaixo uma carta assinada pelos integrantes do Conselho de Igrejas Crist\u00e3s do Brasil (CONIC) sobre a Semana de Ora\u00e7\u00e3o pela Unidade dos Crist\u00e3os.<\/p>\n<p style=\"text-align: justify\">Semana de Ora\u00e7\u00e3o pela Unidade dos Crist\u00e3os: carta das Igrejas-membro do CONIC<\/p>\n<p style=\"text-align: justify\">Bras\u00edlia, 09 de mar\u00e7o de 2012<\/p>\n<p style=\"text-align: justify\">Irm\u00e3os e irm\u00e3s da caminhada ecum\u00eanica!<\/p>\n<p style=\"text-align: justify\"><img decoding=\"async\" loading=\"lazy\" class=\" alignleft size-full wp-image-14006\" style=\"float: left\" alt=\"cartaz_concluido-1\" src=\"https:\/\/www.cnbb.org.br\/wp-content\/uploads\/2020\/03\/cartaz_concluido-1.jpg\" height=\"282\" width=\"200\" \/>N\u00f3s representantes das igrejas membro do CONIC, reunidos neste dia 09 de mar\u00e7o em Bras\u00edlia nos dirigimos a voc\u00eas na paz\u00a0 e na gra\u00e7a do nosso Senhor Jesus Cristo.<\/p>\n<p style=\"text-align: justify\">Nos aproximamos de mais uma Semana de Ora\u00e7\u00e3o pela Unidade dos Crist\u00e3os. Este ano, estaremos unidos\/as em ora\u00e7\u00e3o de 20 a 27 de maio, sob o lema b\u00edblico da Primeira Carta do Ap\u00f3stolo Paulo aos Cor\u00edntios: \u201cTodos seremos transformados pela vit\u00f3ria de nosso Senhor Jesus Cristo\u201d (1\u00aa Cor\u00edntios 15. 51 \u2013 58).\u00a0 Irm\u00e3os e irm\u00e3s da Pol\u00f4nia, pa\u00eds marcado por hist\u00f3rias de sofrimento, mas tamb\u00e9m por muita coragem no testemunho da f\u00e9, vencendo in\u00fameros desafios, prepararam esta semana de ora\u00e7\u00e3o.<\/p>\n<p style=\"text-align: justify\">Convidamos a cada um\/a de voc\u00eas a se unirem a este grande mutir\u00e3o, que a Semana de Ora\u00e7\u00e3o pela Unidade dos Crist\u00e3os produz. Cada um\/a \u00e9 chamado\/a a\u00a0 transformar a realidade onde vive e a construir\u00a0 um mundo melhor. Temos diante de n\u00f3s muitos desafios, oremos e mostremos sinais concretos na\u00a0 busca de supera\u00e7\u00e3o!<\/p>\n<p style=\"text-align: justify\">Que a reflex\u00e3o desta Semana de Ora\u00e7\u00e3o pela Unidade dos Crist\u00e3os nos anime a confiar sempre mais na transforma\u00e7\u00e3o poss\u00edvel, com a f\u00e9 alimentada na certeza que vem da vit\u00f3ria do Ressuscitado.<\/p>\n<p style=\"text-align: justify\">Com nossa ben\u00e7\u00e3o e Fraterna Sauda\u00e7\u00e3o,<\/p>\n<div style=\"text-align: center\"><em><strong>Dom Maur\u00edcio Jos\u00e9 Ara\u00fajo de Andrade<br \/>Bispo Primaz da Igreja Anglicana<\/p>\n<p>Pastor Dr. Nestor Paulo Friedrich<br \/>Pastor Presidente da Igreja Evang\u00e9lica de Confiss\u00e3o Luterana no Brasil<\/p>\n<p>Dom Jos\u00e9 Belis\u00e1rio da Silva<br \/>Vice- Presidente da Confer\u00eancia Nacional dos Bispos do Brasil<\/p>\n<p>Rev. Cacilene Aparecida Nobre<br \/>Rep. da Igreja Presbiteriana Unida<\/p>\n<p>Dra. Zulmira In\u00eas Lourena Gomes da Costa<br \/>Rep. Igreja Sirian Ortodoxa de Antioquia<\/strong><\/em><\/div>\n","protected":false},"excerpt":{"rendered":"<p>Entre os dias 20 e 27 de maio, crist\u00e3os de todo o Hemisf\u00e9rio Sul estar\u00e3o unidos celebrando a Semana de Ora\u00e7\u00e3o pela Unidade dos Crist\u00e3os (SOUC). Ser\u00e1 uma semana muito especial, pois pessoas das mais variadas etnias e culturas estar\u00e3o dedicadas \u00e0 reflex\u00e3o sobre a import\u00e2ncia da unidade na diversidade.<\/p>\n","protected":false},"author":83,"featured_media":16782,"comment_status":"open","ping_status":"open","sticky":false,"template":"","format":"standard","meta":{"site-sidebar-layout":"default","site-content-layout":"default","ast-global-header-display":"","ast-banner-title-visibility":"","ast-main-header-display":"","ast-hfb-above-header-display":"","ast-hfb-below-header-display":"","ast-hfb-mobile-header-display":"","site-post-title":"","ast-breadcrumbs-content":"","ast-featured-img":"","footer-sml-layout":"","theme-transparent-header-meta":"","adv-header-id-meta":"","stick-header-meta":"","header-above-stick-meta":"","header-main-stick-meta":"","header-below-stick-meta":""},"categories":[852],"tags":[],"acf":[],"_links":{"self":[{"href":"https:\/\/www.cnbb.org.br\/cnbb-app\/wp\/v2\/posts\/16781"}],"collection":[{"href":"https:\/\/www.cnbb.org.br\/cnbb-app\/wp\/v2\/posts"}],"about":[{"href":"https:\/\/www.cnbb.org.br\/cnbb-app\/wp\/v2\/types\/post"}],"author":[{"embeddable":true,"href":"https:\/\/www.cnbb.org.br\/cnbb-app\/wp\/v2\/users\/83"}],"replies":[{"embeddable":true,"href":"https:\/\/www.cnbb.org.br\/cnbb-app\/wp\/v2\/comments?post=16781"}],"version-history":[{"count":0,"href":"https:\/\/www.cnbb.org.br\/cnbb-app\/wp\/v2\/posts\/16781\/revisions"}],"wp:featuredmedia":[{"embeddable":true,"href":"https:\/\/www.cnbb.org.br\/cnbb-app\/wp\/v2\/media\/16782"}],"wp:attachment":[{"href":"https:\/\/www.cnbb.org.br\/cnbb-app\/wp\/v2\/media?parent=16781"}],"wp:term":[{"taxonomy":"category","embeddable":true,"href":"https:\/\/www.cnbb.org.br\/cnbb-app\/wp\/v2\/categories?post=16781"},{"taxonomy":"post_tag","embeddable":true,"href":"https:\/\/www.cnbb.org.br\/cnbb-app\/wp\/v2\/tags?post=16781"}],"curies":[{"name":"wp","href":"https:\/\/api.w.org\/{rel}","templated":true}]}}