{"id":16811,"date":"2013-08-21T00:00:00","date_gmt":"2013-08-21T03:00:00","guid":{"rendered":"https:\/\/www.cnbb.org.br\/dom-francesco-biasin-aponta-frutos-e-desafios-do-dialogo-ecumenico-no-brasil\/"},"modified":"2020-03-11T16:39:57","modified_gmt":"2020-03-11T19:39:57","slug":"dom-francesco-biasin-aponta-frutos-e-desafios-do-dialogo-ecumenico-no-brasil","status":"publish","type":"post","link":"https:\/\/www.cnbb.org.br\/dom-francesco-biasin-aponta-frutos-e-desafios-do-dialogo-ecumenico-no-brasil\/","title":{"rendered":"Dom Francesco Biasin aponta frutos e desafios do Di\u00e1logo Ecum\u00eanico no Brasil"},"content":{"rendered":"<p>&nbsp;<\/p>\n<p style=\"text-align: justify\">O presidente da Comiss\u00e3o Episcopal Pastoral para o Ecumenismo e o Di\u00e1logo Inter-religioso, dom Francesco Biasin, ao apresentar, hoje pela manh\u00e3, os trabalhos desenvolvidos por sua comiss\u00e3o aos bispos do Conselho Episcopal Pastoral, destacou os frutos e desafios do Di\u00e1logo Ecum\u00eanico no Brasil. \u201c O ecumenismo n\u00e3o deve ser visto como uma esp\u00e9cie de ap\u00eandice, que se junta \u00e0 atividade tradicional da Igreja, mas que pertence organicamente \u00e0 sua vida e a\u00e7\u00e3o\u201d, ressaltou. Dom Biasin lembrou a fala do papa Jo\u00e3o XXIII sobre a unidade dos crist\u00e3os: \u201c\u00c9 muito mais forte aquilo que nos une do que quanto nos divide\u201d.<\/p>\n<p><!--more--><\/p>\n<p style=\"text-align: justify\">O bispo pontuou alguns resultados do di\u00e1logo entre os crist\u00e3os como, por exemplo, a fraternidade reencontrada; a solidariedade no servi\u00e7o \u00e0 humanidade; a converg\u00eancia na Palavra de Deus e no culto divino; e o crescimento da comunh\u00e3o.<\/p>\n<p style=\"text-align: justify\">Falou sobre a sensibilidade da CNBB diante da situa\u00e7\u00e3o do pluralismo eclesial e religioso contempor\u00e2neo por meio do Plano Pastoral de Conjunto, que criou a linha 5 sobre o Ecumenismo e o Di\u00e1logo Inter-religioso; da integra\u00e7\u00e3o e cria\u00e7\u00e3o de organismos ecum\u00eanicos como, por exemplo, a Coordenadoria Ecum\u00eanica de Servi\u00e7o (Cese); o Conselho Nacional de Igrejas Crist\u00e3s (Conic); as comiss\u00f5es de di\u00e1logo (luteranos, anglicanos, judeus, presbiterianos unidos; cria\u00e7\u00e3o de estruturas para o di\u00e1logo nos regionais e dioceses e forma\u00e7\u00e3o ecum\u00eanicas por meio de cursos, simp\u00f3sios, programas de r\u00e1dio e a revista \u201cCaminhos de Di\u00e1logo\u201d.<\/p>\n<p style=\"text-align: justify\">Entre os desafios, dom Biasin abordou o preconceito e a ignor\u00e2ncia em rela\u00e7\u00e3o ao \u2018outro religioso\u2019; o desconhecimento e a resist\u00eancia em rela\u00e7\u00e3o ao ecumenismo e di\u00e1logo inter-religioso; a emerg\u00eancia do pluralismo religioso; a forma\u00e7\u00e3o ecum\u00eanica dos ministros ordenados, lideran\u00e7as e comunidades; o fortalecimento das estruturas de di\u00e1logo nos regionais e dioceses, entre outros.<\/p>\n<p style=\"text-align: justify\"><strong style=\"line-height: 1.5\">JMJ<\/strong><br \/>\nDom Biasin destacou o envolvimento da juventude com o di\u00e1logo ecum\u00eanico e inter-religioso e recordou que, um dia antes do in\u00edcio da Jornada Mundial da Juventude (JMJ), foi realizado um encontro com cerca de 150 jovens cat\u00f3licos, judeus e mu\u00e7ulmanos da Am\u00e9rica Latina. Trata-se de um semin\u00e1rio promovido pela Juventude Inter-religiosa do Rio de Janeiro, na Pontificia Universidade Cat\u00f3lica (PUC\/RJ), e que contou com a presen\u00e7a do arcebispo metropolitano do Rio de Janeiro, dom Orani Jo\u00e3o Tempesta.<\/p>\n","protected":false},"excerpt":{"rendered":"<p>&nbsp; O presidente da Comiss\u00e3o Episcopal Pastoral para o Ecumenismo e o Di\u00e1logo Inter-religioso, dom Francesco Biasin, ao apresentar, hoje pela manh\u00e3, os trabalhos desenvolvidos por sua comiss\u00e3o aos bispos do Conselho Episcopal Pastoral, destacou os frutos e desafios do Di\u00e1logo Ecum\u00eanico no Brasil. \u201c O ecumenismo n\u00e3o deve ser visto como uma esp\u00e9cie de &hellip;<\/p>\n<p class=\"read-more\"> <a class=\"\" href=\"https:\/\/www.cnbb.org.br\/dom-francesco-biasin-aponta-frutos-e-desafios-do-dialogo-ecumenico-no-brasil\/\"> <span class=\"screen-reader-text\">Dom Francesco Biasin aponta frutos e desafios do Di\u00e1logo Ecum\u00eanico no Brasil<\/span> Leia mais &raquo;<\/a><\/p>\n","protected":false},"author":83,"featured_media":0,"comment_status":"open","ping_status":"open","sticky":false,"template":"","format":"standard","meta":{"site-sidebar-layout":"default","site-content-layout":"default","ast-global-header-display":"","ast-banner-title-visibility":"","ast-main-header-display":"","ast-hfb-above-header-display":"","ast-hfb-below-header-display":"","ast-hfb-mobile-header-display":"","site-post-title":"","ast-breadcrumbs-content":"","ast-featured-img":"","footer-sml-layout":"","theme-transparent-header-meta":"","adv-header-id-meta":"","stick-header-meta":"","header-above-stick-meta":"","header-main-stick-meta":"","header-below-stick-meta":""},"categories":[852],"tags":[],"acf":[],"_links":{"self":[{"href":"https:\/\/www.cnbb.org.br\/cnbb-app\/wp\/v2\/posts\/16811"}],"collection":[{"href":"https:\/\/www.cnbb.org.br\/cnbb-app\/wp\/v2\/posts"}],"about":[{"href":"https:\/\/www.cnbb.org.br\/cnbb-app\/wp\/v2\/types\/post"}],"author":[{"embeddable":true,"href":"https:\/\/www.cnbb.org.br\/cnbb-app\/wp\/v2\/users\/83"}],"replies":[{"embeddable":true,"href":"https:\/\/www.cnbb.org.br\/cnbb-app\/wp\/v2\/comments?post=16811"}],"version-history":[{"count":0,"href":"https:\/\/www.cnbb.org.br\/cnbb-app\/wp\/v2\/posts\/16811\/revisions"}],"wp:attachment":[{"href":"https:\/\/www.cnbb.org.br\/cnbb-app\/wp\/v2\/media?parent=16811"}],"wp:term":[{"taxonomy":"category","embeddable":true,"href":"https:\/\/www.cnbb.org.br\/cnbb-app\/wp\/v2\/categories?post=16811"},{"taxonomy":"post_tag","embeddable":true,"href":"https:\/\/www.cnbb.org.br\/cnbb-app\/wp\/v2\/tags?post=16811"}],"curies":[{"name":"wp","href":"https:\/\/api.w.org\/{rel}","templated":true}]}}