{"id":16823,"date":"2013-12-04T00:00:00","date_gmt":"2013-12-04T02:00:00","guid":{"rendered":"https:\/\/www.cnbb.org.br\/ato-ecumenico-marca-lancamento-do-projeto-natal-iluminado-em-sao-paulo\/"},"modified":"2020-03-11T16:39:55","modified_gmt":"2020-03-11T19:39:55","slug":"ato-ecumenico-marca-lancamento-do-projeto-natal-iluminado-em-sao-paulo","status":"publish","type":"post","link":"https:\/\/www.cnbb.org.br\/ato-ecumenico-marca-lancamento-do-projeto-natal-iluminado-em-sao-paulo\/","title":{"rendered":"Ato ecum\u00eanico marca lan\u00e7amento do projeto \u201cNatal iluminado\u201d em S\u00e3o Paulo"},"content":{"rendered":"<p style=\"text-align: justify\">A Catedral Metropolitana de S\u00e3o Paulo recebeu os l\u00edderes das igrejas que participam do Movimento de Fraternidade de Igrejas Crist\u00e3s (Mofic) para o lan\u00e7amento do projeto \u201cNatal Iluminado\u201d, que tem por objetivo deixar a capital paulista mais iluminada e decorada no final do ano. O evento, realizado no dia 1\u00ba de dezembro, tamb\u00e9m contou com a presen\u00e7a de l\u00edderes de outras religi\u00f5es.\u00a0 <!--more--><\/p>\n<p style=\"text-align: justify\">A iniciativa partiu do convite feito pelo arcebispo metropolitano de S\u00e3o Paulo, cardeal Odilo Pedro Scherer. Segundo o respons\u00e1vel pela Comiss\u00e3o de Ecumenismo e Di\u00e1logo Inter-religioso da arquidiocese, c\u00f4nego Jos\u00e9 Bizon, o ato ecum\u00eanico destaca o esp\u00edrito de acolhida e fraternidade, pr\u00f3prio do tempo do Natal. \u201cFesta das luzes, da paz, da justi\u00e7a e tamb\u00e9m a festa da acolhida e da solidariedade\u201d, explica o c\u00f4nego.<\/p>\n<p style=\"text-align: justify\">O reverendo Marcelo Leandro, da Igreja Presbiteriana Unida, declarou no evento que o Advento \u00e9 o momento para os crist\u00e3os estarem unidos e demonstraram a luz suprema de Jesus. \u201cN\u00f3s devemos estar iluminados, ajudando a sociedade que \u00e9 carente n\u00e3o somente da pobreza material, mas espiritual\u201d. Ao falar sobre a import\u00e2ncia do di\u00e1logo ecum\u00eanico, recordou Nelson Mandela. \u201cComo ele, sonho que um dia todos seremos irm\u00e3os, independentemente da placa de igreja\u201d, disse.<\/p>\n<p style=\"text-align: justify\">O representante da Na\u00e7\u00e3o Ketu, do Candombl\u00e9, S\u00edlvio Ribeiro, acredita que para o conv\u00edvio harmonioso entre todas as religi\u00f5es \u00e9 necess\u00e1rio respeitar as diferen\u00e7as. \u201cPodemos ter a cor, cabelo, etnia e vestes diferentes do outro irm\u00e3o, mas todos temos Deus no cora\u00e7\u00e3o. Ele s\u00f3 muda de nome. A minha religi\u00e3o fala de paz, igual \u00e0s outras que eu reconhe\u00e7o. As que n\u00e3o falam de amor, de paz, eu n\u00e3o reconhe\u00e7o\u201d.<\/p>\n<p style=\"text-align: justify\">Para o sheikh Houssam El Boustani, da comunidade mu\u00e7ulmana, a iniciativa foi um sinal de grande respeito para as outras religi\u00f5es. \u201cQue o Natal seja iluminado para toda criatura que existe na face da terra, seja crist\u00e3o ou n\u00e3o, pois todos n\u00f3s precisamos da luz de Deus. Para n\u00f3s mu\u00e7ulmanos Deus \u00e9 luz do c\u00e9u e da terra. N\u00f3s queremos e precisamos dessa luz. Pedimos ao Deus alt\u00edssimo para que nos guie e leve-nos para o caminho certo, derramando sob o mundo as grandes miseric\u00f3rdias, principalmente nas zonas dos conflitos, das guerras e de mis\u00e9ria\u201d, afirmou Houssam.<\/p>\n<p style=\"text-align: justify\">Representando o Mofic estavam l\u00edderes das igrejas Cat\u00f3lica Apost\u00f3lica Romana; Ortodoxa Antioquina; Episcopal Anglicana; Presbiteriana Unida do Brasil; Apost\u00f3lica Arm\u00eania; Evang\u00e9lica de Confiss\u00e3o Luterana no Brasil; e a Arm\u00eania Cat\u00f3lica (Igreja Cat\u00f3lica de Ritos Orientais). Entre as diferentes tradi\u00e7\u00f5es religiosas estavam l\u00edderes do juda\u00edsmo; islamismo; budismo; espiritismo; umbanda e candombl\u00e9).<\/p>\n<div><\/div>\n","protected":false},"excerpt":{"rendered":"<p>A Catedral Metropolitana de S\u00e3o Paulo recebeu os l\u00edderes das igrejas que participam do Movimento de Fraternidade de Igrejas Crist\u00e3s (Mofic) para o lan\u00e7amento do projeto \u201cNatal Iluminado\u201d, que tem por objetivo deixar a capital paulista mais iluminada e decorada no final do ano. O evento, realizado no dia 1\u00ba de dezembro, tamb\u00e9m contou com &hellip;<\/p>\n<p class=\"read-more\"> <a class=\"\" href=\"https:\/\/www.cnbb.org.br\/ato-ecumenico-marca-lancamento-do-projeto-natal-iluminado-em-sao-paulo\/\"> <span class=\"screen-reader-text\">Ato ecum\u00eanico marca lan\u00e7amento do projeto \u201cNatal iluminado\u201d em S\u00e3o Paulo<\/span> Leia mais &raquo;<\/a><\/p>\n","protected":false},"author":83,"featured_media":16824,"comment_status":"open","ping_status":"open","sticky":false,"template":"","format":"standard","meta":{"site-sidebar-layout":"default","site-content-layout":"default","ast-global-header-display":"","ast-banner-title-visibility":"","ast-main-header-display":"","ast-hfb-above-header-display":"","ast-hfb-below-header-display":"","ast-hfb-mobile-header-display":"","site-post-title":"","ast-breadcrumbs-content":"","ast-featured-img":"","footer-sml-layout":"","theme-transparent-header-meta":"","adv-header-id-meta":"","stick-header-meta":"","header-above-stick-meta":"","header-main-stick-meta":"","header-below-stick-meta":""},"categories":[852],"tags":[],"acf":[],"_links":{"self":[{"href":"https:\/\/www.cnbb.org.br\/cnbb-app\/wp\/v2\/posts\/16823"}],"collection":[{"href":"https:\/\/www.cnbb.org.br\/cnbb-app\/wp\/v2\/posts"}],"about":[{"href":"https:\/\/www.cnbb.org.br\/cnbb-app\/wp\/v2\/types\/post"}],"author":[{"embeddable":true,"href":"https:\/\/www.cnbb.org.br\/cnbb-app\/wp\/v2\/users\/83"}],"replies":[{"embeddable":true,"href":"https:\/\/www.cnbb.org.br\/cnbb-app\/wp\/v2\/comments?post=16823"}],"version-history":[{"count":0,"href":"https:\/\/www.cnbb.org.br\/cnbb-app\/wp\/v2\/posts\/16823\/revisions"}],"wp:featuredmedia":[{"embeddable":true,"href":"https:\/\/www.cnbb.org.br\/cnbb-app\/wp\/v2\/media\/16824"}],"wp:attachment":[{"href":"https:\/\/www.cnbb.org.br\/cnbb-app\/wp\/v2\/media?parent=16823"}],"wp:term":[{"taxonomy":"category","embeddable":true,"href":"https:\/\/www.cnbb.org.br\/cnbb-app\/wp\/v2\/categories?post=16823"},{"taxonomy":"post_tag","embeddable":true,"href":"https:\/\/www.cnbb.org.br\/cnbb-app\/wp\/v2\/tags?post=16823"}],"curies":[{"name":"wp","href":"https:\/\/api.w.org\/{rel}","templated":true}]}}