{"id":16835,"date":"2014-08-25T00:00:00","date_gmt":"2014-08-25T03:00:00","guid":{"rendered":"https:\/\/www.cnbb.org.br\/simposio-ecumenismo-e-missao-encerra-com-apresentacao-da-revista-caminhos-de-dialogo-por-comissao-da-cnbb\/"},"modified":"2020-03-11T16:39:53","modified_gmt":"2020-03-11T19:39:53","slug":"simposio-ecumenismo-e-missao-encerra-com-apresentacao-da-revista-caminhos-de-dialogo-por-comissao-da-cnbb","status":"publish","type":"post","link":"https:\/\/www.cnbb.org.br\/simposio-ecumenismo-e-missao-encerra-com-apresentacao-da-revista-caminhos-de-dialogo-por-comissao-da-cnbb\/","title":{"rendered":"Simp\u00f3sio Ecumenismo e Miss\u00e3o encerra com celebra\u00e7\u00e3o ecum\u00eanica"},"content":{"rendered":"<p style=\"text-align: justify\"><span style=\"line-height: 1.3em\">Terminou no domingo, 24, o Simp\u00f3sio Ecumenismo e Miss\u00e3o \u2013 Testemunho crist\u00e3o em um mundo plural, promovido pelo Conselho Nacional de Igrejas Crist\u00e3s (Conic), com apoio das Comiss\u00f5es para o Ecumenismo, Laicato e A\u00e7\u00e3o Mission\u00e1ria da CNBB e da Pontif\u00edcia Universidade Cat\u00f3lica do Paran\u00e1 (PUC\/PR).\u00a0O evento reuniu cerca de 100 representantes das diversas igrejas crist\u00e3s, em Vargem Grande Paulista \u00a0(SP).\u00a0<\/span><\/p>\n<p><!--more--><\/p>\n<p style=\"text-align: justify\"><span style=\"line-height: 1.3em\">Uma celebra\u00e7\u00e3o ecum\u00eanica voltada \u00e0 unidade na diversidade concluiu as atividades do encontro. Ao participar da celebra\u00e7\u00e3o, o presidente da Confer\u00eancia Nacional dos Bispos do Brasil (CNBB) e arcebispo de Aparecida, cardeal Raymundo Damasceno Assis, sublinhou a unidade em Jesus Cristo como o melhor testemunho. \u201cSomos todos batizados e o batismo nos incorpora em Jesus Cristo. Temos essa miss\u00e3o de testemunhar Jesus no mundo diante de tantos desafios. N\u00e3o podemos desanimar, pois Cristo caminha conosco e o Esp\u00edrito Santo nos ilumina e guia. Em nossas diferen\u00e7as temos essa miss\u00e3o comum\u201d, disse o cardeal. Dom Damasceno tamb\u00e9m afirmou que a divis\u00e3o entre os crist\u00e3os \u00e9 um obst\u00e1culo e que o ecumenismo deve ser fortalecido cada vez mais.\u00a0<\/span><\/p>\n<p style=\"text-align: justify\"><span style=\"line-height: 1.3em\">Na programa\u00e7\u00e3o do Simp\u00f3sio, as confer\u00eancias, debates e partilhas trouxeram reflex\u00f5es e apontaram alternativas para enfrentar os desafios da miss\u00e3o em um contexto de pluralismo religioso e de multiplicidade de sujeitos.<\/span><\/p>\n<p style=\"text-align: justify\"><span style=\"line-height: 1.3em\">No s\u00e1bado,\u00a0<\/span><span style=\"line-height: 1.3em\">a Comiss\u00e3o Episcopal Pastoral para o Ecumenismo e o Di\u00e1logo Inter-religioso apresentou a primeira edi\u00e7\u00e3o da revista Caminhos de Di\u00e1logo. <\/span><span style=\"line-height: 1.3em\">\u00a0O presidente da comiss\u00e3o, dom Francesco Biasin, elencou os objetivos do material:<\/span><span style=\"line-height: 1.3em\">\u201cApresentar reflex\u00f5es e not\u00edcias, sobretudo sobre o di\u00e1logo ecum\u00eanico e inter-religioso no Brasil, interagindo com o di\u00e1logo que acontece na Am\u00e9rica Latina e no mundo; possibilitar a forma\u00e7\u00e3o da consci\u00eancia sobre o valor do di\u00e1logo ecum\u00eanico e inter-religioso, nos horizontes teol\u00f3gico, pastoral, espiritual e social; colaborar com as igrejas e organiza\u00e7\u00f5es do Brasil que buscam difundir propostas para o fortalecimento do di\u00e1logo ecum\u00eanico e inter-religioso; e possibilitar uma educa\u00e7\u00e3o para o di\u00e1logo, nas escolas favorecendo o encontro dos credos e culturas para a supera\u00e7\u00e3o de todas as formas de intoler\u00e2ncia\u201d.<\/span><\/p>\n<p style=\"text-align: justify\">De acordo com o assessor da Comiss\u00e3o, padre Elias Wolf, o material \u201cvisa contribuir para a reflex\u00e3o sobre o di\u00e1logo ecum\u00eanico e inter-religioso, possibilitando integrar essas importantes tem\u00e1ticas na consci\u00eancia e a\u00e7\u00e3o das igrejas&#8221;.<\/p>\n<p style=\"text-align: justify\">Informa\u00e7\u00f5es sobre a revista pelo e-mail: ecumenismo@cnbb.org.br<\/p>\n<h5 style=\"text-align: justify\">Com informa\u00e7\u00f5es e fotografia das Pontif\u00edcias Obras Mission\u00e1rias<\/h5>\n<h5 style=\"text-align: justify\"><strong>\u00a0<\/strong><\/h5>\n","protected":false},"excerpt":{"rendered":"<p>Terminou no domingo, 24, o Simp\u00f3sio Ecumenismo e Miss\u00e3o \u2013 Testemunho crist\u00e3o em um mundo plural, promovido pelo Conselho Nacional de Igrejas Crist\u00e3s (Conic), com apoio das Comiss\u00f5es para o Ecumenismo, Laicato e A\u00e7\u00e3o Mission\u00e1ria da CNBB e da Pontif\u00edcia Universidade Cat\u00f3lica do Paran\u00e1 (PUC\/PR).\u00a0O evento reuniu cerca de 100 representantes das diversas igrejas crist\u00e3s, &hellip;<\/p>\n<p class=\"read-more\"> <a class=\"\" href=\"https:\/\/www.cnbb.org.br\/simposio-ecumenismo-e-missao-encerra-com-apresentacao-da-revista-caminhos-de-dialogo-por-comissao-da-cnbb\/\"> <span class=\"screen-reader-text\">Simp\u00f3sio Ecumenismo e Miss\u00e3o encerra com celebra\u00e7\u00e3o ecum\u00eanica<\/span> Leia mais &raquo;<\/a><\/p>\n","protected":false},"author":83,"featured_media":16836,"comment_status":"open","ping_status":"open","sticky":false,"template":"","format":"standard","meta":{"site-sidebar-layout":"default","site-content-layout":"default","ast-global-header-display":"","ast-banner-title-visibility":"","ast-main-header-display":"","ast-hfb-above-header-display":"","ast-hfb-below-header-display":"","ast-hfb-mobile-header-display":"","site-post-title":"","ast-breadcrumbs-content":"","ast-featured-img":"","footer-sml-layout":"","theme-transparent-header-meta":"","adv-header-id-meta":"","stick-header-meta":"","header-above-stick-meta":"","header-main-stick-meta":"","header-below-stick-meta":""},"categories":[852],"tags":[],"acf":[],"_links":{"self":[{"href":"https:\/\/www.cnbb.org.br\/cnbb-app\/wp\/v2\/posts\/16835"}],"collection":[{"href":"https:\/\/www.cnbb.org.br\/cnbb-app\/wp\/v2\/posts"}],"about":[{"href":"https:\/\/www.cnbb.org.br\/cnbb-app\/wp\/v2\/types\/post"}],"author":[{"embeddable":true,"href":"https:\/\/www.cnbb.org.br\/cnbb-app\/wp\/v2\/users\/83"}],"replies":[{"embeddable":true,"href":"https:\/\/www.cnbb.org.br\/cnbb-app\/wp\/v2\/comments?post=16835"}],"version-history":[{"count":0,"href":"https:\/\/www.cnbb.org.br\/cnbb-app\/wp\/v2\/posts\/16835\/revisions"}],"wp:featuredmedia":[{"embeddable":true,"href":"https:\/\/www.cnbb.org.br\/cnbb-app\/wp\/v2\/media\/16836"}],"wp:attachment":[{"href":"https:\/\/www.cnbb.org.br\/cnbb-app\/wp\/v2\/media?parent=16835"}],"wp:term":[{"taxonomy":"category","embeddable":true,"href":"https:\/\/www.cnbb.org.br\/cnbb-app\/wp\/v2\/categories?post=16835"},{"taxonomy":"post_tag","embeddable":true,"href":"https:\/\/www.cnbb.org.br\/cnbb-app\/wp\/v2\/tags?post=16835"}],"curies":[{"name":"wp","href":"https:\/\/api.w.org\/{rel}","templated":true}]}}