{"id":16862,"date":"2016-10-21T00:00:00","date_gmt":"2016-10-21T02:00:00","guid":{"rendered":"https:\/\/www.cnbb.org.br\/no-dia-do-ecumenismo-comissao-apresenta-proposta-de-formacao\/"},"modified":"2020-03-11T16:39:50","modified_gmt":"2020-03-11T19:39:50","slug":"no-dia-do-ecumenismo-comissao-apresenta-proposta-de-formacao","status":"publish","type":"post","link":"https:\/\/www.cnbb.org.br\/no-dia-do-ecumenismo-comissao-apresenta-proposta-de-formacao\/","title":{"rendered":"No dia do Ecumenismo, Comiss\u00e3o apresenta proposta de forma\u00e7\u00e3o"},"content":{"rendered":"<p style=\"text-align: justify\">Simp\u00f3sio sobre fundamentos e caminhos para o Di\u00e1logo Inter-Religioso acontecer\u00e1 em fevereiro de 2017<\/p>\n<p><!--more--><\/p>\n<p style=\"text-align: justify\">Nesta sexta-feira, 21 de outubro, \u00e9 celebrado no Brasil o Dia do Ecumenismo. Nesta data, a Comiss\u00e3o Episcopal Pastoral para o Ecumenismo e o Di\u00e1logo Inter-Religioso da Confer\u00eancia Nacional dos Bispos do Brasil (CNBB) apresentou o programa de forma\u00e7\u00e3o para professores e agentes de Pastoral envolvidos com a causa ecum\u00eanica. De 3 a 5 de fevereiro de 2017, acontecer\u00e1 no Centro de Forma\u00e7\u00e3o Sagrada Fam\u00edlia, em S\u00e3o Paulo (SP), o VII Simp\u00f3sio de Forma\u00e7\u00e3o Ecum\u00eanica e XVII Encontro de Professores de Ecumenismo e de Di\u00e1logo inter-religioso, que j\u00e1 est\u00e1 com as inscri\u00e7\u00f5es abertas.<\/p>\n<p style=\"text-align: justify\">O tema escolhido para o evento \u00e9 \u201cFundamentos e caminhos para o Di\u00e1logo Inter-Religioso\u201d. De acordo com o assessor da Comiss\u00e3o para o Ecumenismo e o Di\u00e1logo Inter-Religioso da CNBB, padre Marcus Barbosa Guimar\u00e3es, a proposta \u00e9 de os participantes conhe\u00e7am e aprofundem os fundamentos e caminhos para fortalecerem a dimens\u00e3o inter-religiosa na miss\u00e3o evangelizadora.<\/p>\n<p style=\"text-align: justify\">Antes da abertura do Simp\u00f3sio, o Grupo de Reflex\u00e3o para o Ecumenismo e o Di\u00e1logo Inter-religioso (Gredire), ligado \u00e0 Comiss\u00e3o, ter\u00e1 uma reuni\u00e3o. Haver\u00e1 confer\u00eancia e debate sobre a tem\u00e1tica central do simp\u00f3sio \u201cFundamentos e Caminhos para o Di\u00e1logo Inter-religioso\u201d com o doutor em Ci\u00eancia da Religi\u00e3o pela Universidade Federal de Juiz de Fora (UFJF &#8211; MG) e licenciado em Teologia, padre Enio Marcos de Oliveira. O evento contar\u00e1 com celebra\u00e7\u00f5es, momentos de ora\u00e7\u00e3o e pain\u00e9is com lideran\u00e7as de diferentes religi\u00f5es.<\/p>\n<p style=\"text-align: justify\">No folder de divulga\u00e7\u00e3o do evento, h\u00e1 uma frase do papa Francisco, durante sua visita a Assis, na It\u00e1lia, que pretende motivar os participantes. O trecho da fala do pont\u00edfice sugere que a \u201cPaz significa Educa\u00e7\u00e3o: uma chamada a aprender todos os dias a arte da dif\u00edcil comunh\u00e3o, a adquirir a cultura do encontro\u201d. O trecho ainda aponta para o desejo de que homens e mulheres de religi\u00f5es diferentes se re\u00fanam e criem conc\u00f3rdia em todo lado, especialmente onde h\u00e1 conflitos. \u201cO nosso futuro \u00e9 viver juntos\u2019\u2019, disse o papa na ocasi\u00e3o.<\/p>\n<h3 style=\"text-align: justify\">Objetivo<\/h3>\n<p style=\"text-align: justify\">Em sua s\u00e9tima edi\u00e7\u00e3o, o Simp\u00f3sio \u00e9 realizado anualmente. Padre Marcus Barbosa o considera \u201cuma excelente oportunidade para ajudar a semear e fazer crescer a coopera\u00e7\u00e3o ecum\u00eanica das Igrejas no Brasil\u201d, sobretudo no seu objetivo central de capacitar agentes de pastoral das Igrejas particulares e professores de ecumenismo e di\u00e1logo inter-religioso em institutos, faculdades e escolas p\u00fablicas e particulares. A cada evento \u00e9 tomado um tema de relev\u00e2ncia para a miss\u00e3o ecum\u00eanica.<\/p>\n<h3 style=\"text-align: justify\">A\u00e7\u00f5es da Comiss\u00e3o<\/h3>\n<p style=\"text-align: justify\">No contexto de seu campo de atua\u00e7\u00e3o e evangeliza\u00e7\u00e3o, a Comiss\u00e3o Episcopal para o Ecumenismo e o Di\u00e1logo Inter-Religioso da CNBB vai al\u00e9m da forma\u00e7\u00e3o e realiza neste ano, entre outras atividades, a rearticula\u00e7\u00e3o das Comiss\u00f5es Bilaterais, como a do di\u00e1logo luterano-cat\u00f3lico e tamb\u00e9m com a Igreja Anglicana, esta \u00faltima com a presen\u00e7a de leigos. Tamb\u00e9m est\u00e1 na pauta de a\u00e7\u00f5es da Comiss\u00e3o a reestrutura\u00e7\u00e3o dos trabalhos dos regionais da CNBB, tem\u00e1tica que ter\u00e1 um momento dedicado a propostas de articula\u00e7\u00e3o durante o Simp\u00f3sio.<\/p>\n<p style=\"text-align: justify\">\u201cN\u00f3s temos certeza que ser\u00e1 poss\u00edvel crescer em comunh\u00e3o fraterna e sobretudo na sensibilidade para a unidade a ser realizada n\u00e3o apenas no centro, na Presid\u00eancia ou no Conselho Episcopal Pastoral (Consep) da CNBB, mas na base, onde vive o nosso povo e as nossas igrejas continuamente se encontram para construir, realizar o reino do Senhor\u201d, manifestou o bispo de Barra do Pira\u00ed-Volta Redonda (RJ) e presidente da Comiss\u00e3o para o Ecumenismo da CNBB, dom Francisco Biasin.<\/p>\n<p style=\"text-align: justify\">Fa\u00e7a o download do <a href=\"index.php?option=com_docman&amp;view=document&amp;layout=default&amp;alias=2302-folder-simposioecumenismo-2017&amp;category_slug=simposio-de-formacao-ecumenica&amp;Itemid=252\" target=\"_blank\" rel=\"noopener noreferrer\">folder do Simp\u00f3sio com a ficha de inscri\u00e7\u00e3o<\/a>.<\/p>\n","protected":false},"excerpt":{"rendered":"<p>Simp\u00f3sio sobre fundamentos e caminhos para o Di\u00e1logo Inter-Religioso acontecer\u00e1 em fevereiro de 2017<\/p>\n","protected":false},"author":83,"featured_media":15851,"comment_status":"open","ping_status":"open","sticky":false,"template":"","format":"standard","meta":{"site-sidebar-layout":"default","site-content-layout":"default","ast-global-header-display":"","ast-banner-title-visibility":"","ast-main-header-display":"","ast-hfb-above-header-display":"","ast-hfb-below-header-display":"","ast-hfb-mobile-header-display":"","site-post-title":"","ast-breadcrumbs-content":"","ast-featured-img":"","footer-sml-layout":"","theme-transparent-header-meta":"","adv-header-id-meta":"","stick-header-meta":"","header-above-stick-meta":"","header-main-stick-meta":"","header-below-stick-meta":""},"categories":[852],"tags":[],"acf":[],"_links":{"self":[{"href":"https:\/\/www.cnbb.org.br\/cnbb-app\/wp\/v2\/posts\/16862"}],"collection":[{"href":"https:\/\/www.cnbb.org.br\/cnbb-app\/wp\/v2\/posts"}],"about":[{"href":"https:\/\/www.cnbb.org.br\/cnbb-app\/wp\/v2\/types\/post"}],"author":[{"embeddable":true,"href":"https:\/\/www.cnbb.org.br\/cnbb-app\/wp\/v2\/users\/83"}],"replies":[{"embeddable":true,"href":"https:\/\/www.cnbb.org.br\/cnbb-app\/wp\/v2\/comments?post=16862"}],"version-history":[{"count":0,"href":"https:\/\/www.cnbb.org.br\/cnbb-app\/wp\/v2\/posts\/16862\/revisions"}],"wp:featuredmedia":[{"embeddable":true,"href":"https:\/\/www.cnbb.org.br\/cnbb-app\/wp\/v2\/media\/15851"}],"wp:attachment":[{"href":"https:\/\/www.cnbb.org.br\/cnbb-app\/wp\/v2\/media?parent=16862"}],"wp:term":[{"taxonomy":"category","embeddable":true,"href":"https:\/\/www.cnbb.org.br\/cnbb-app\/wp\/v2\/categories?post=16862"},{"taxonomy":"post_tag","embeddable":true,"href":"https:\/\/www.cnbb.org.br\/cnbb-app\/wp\/v2\/tags?post=16862"}],"curies":[{"name":"wp","href":"https:\/\/api.w.org\/{rel}","templated":true}]}}