{"id":16878,"date":"2009-07-21T00:00:00","date_gmt":"2009-07-21T03:00:00","guid":{"rendered":"https:\/\/www.cnbb.org.br\/encontro-das-cebs-comeca-hoje-em-porto-velho\/"},"modified":"2020-03-11T20:50:23","modified_gmt":"2020-03-11T23:50:23","slug":"encontro-das-cebs-comeca-hoje-em-porto-velho","status":"publish","type":"post","link":"https:\/\/www.cnbb.org.br\/encontro-das-cebs-comeca-hoje-em-porto-velho\/","title":{"rendered":"Encontro das CEBs come\u00e7a hoje em Porto Velho"},"content":{"rendered":"<p style=\"text-align: justify\">Caravanas de todo o pa\u00eds come\u00e7aram a chegar desde ontem a Porto Velho (RO) para o 12\u00ba Encontro Intereclesial das Comunidades de Base (CEBs), que come\u00e7a nesta ter\u00e7a-feira, 21, e se estende at\u00e9 o pr\u00f3ximo s\u00e1bado. Participar\u00e3o do evento 3 mil pessoas, representando as cerca de 100 mil Comunidades de Base espalhadas pelo Brasil.<\/p>\n<p>  <!--more-->  <\/p>\n<p style=\"text-align: justify\">A cerim\u00f4nia que abre o Intereclesial ter\u00e1 in\u00edcio \u00e0s 19h, na Pra\u00e7a Madeira Mamor\u00e9. A partir de quarta-feira, 22, uma s\u00e9rie de atividades vai marcar o encontro que termina no s\u00e1bado, 25. A maior parte dos trabalhos acontecer\u00e1 em 12 escolas da capital de Rond\u00f4nia. Ser\u00e3o grupos de 250 pessoas, que se subdividir\u00e3o em 12 grupos de aproximadamente 22 pessoas.<\/p>\n<p style=\"text-align: justify\">Realizado pela primeira vez na Amaz\u00f4nia, o Intereclesial traz para a reflex\u00e3o temas que falam da realidade local a partir do tema geral \u201cCEBs, Ecologia e Miss\u00e3o\u201d, ancorado no lema \u201cDo ventre da terra, o grito que vem da Amaz\u00f4nia\u201d.<\/p>\n<p style=\"text-align: justify\">Durante quatro dias, 97 assessores ajudaram os participantes do encontro a aprofundar este tema dentro da consagrado m\u00e9todo Ver-Julgar-Agir usado pelas CEBs. Personalidades importantes como os te\u00f3logos Leonardo Boff, Benedito Ferraro, Faustino Teixeira, Tereza Cavalcanti, al\u00e9m de in\u00fameras outras lideran\u00e7as est\u00e3o entre os assessores. A senadora Marina Silva est\u00e1 entre as pessoas \u201cprof\u00e9ticas\u201d que dar\u00e3o um testemunho na sexta-feira.<\/p>\n<p style=\"text-align: justify\">O presidente da CNBB, dom Geraldo Lyrio Rocha, e o secret\u00e1rio geral, dom Dimas Lara Barbosa, chegam a Porto Velho na sexta-feira, 24. O vice-presidente, dom Luiz Soares Vieira, e j\u00e1 est\u00e1 na cidade desde ontem. Al\u00e9m da Presid\u00eancia da CNBB, outros 52 bispos e arcebispos participar\u00e3o do Intereclesial, entre os quais um da \u00c1frica do Sul.<\/p>\n","protected":false},"excerpt":{"rendered":"<p>Caravanas de todo o pa\u00eds come\u00e7aram a chegar desde ontem a Porto Velho (RO) para o 12\u00ba Encontro Intereclesial das Comunidades de Base (CEBs), que come\u00e7a nesta ter\u00e7a-feira, 21, e se estende at\u00e9 o pr\u00f3ximo s\u00e1bado. Participar\u00e3o do evento 3 mil pessoas, representando as cerca de 100 mil Comunidades de Base espalhadas pelo Brasil.<\/p>\n","protected":false},"author":83,"featured_media":0,"comment_status":"open","ping_status":"open","sticky":false,"template":"","format":"standard","meta":{"site-sidebar-layout":"default","site-content-layout":"default","ast-global-header-display":"","ast-banner-title-visibility":"","ast-main-header-display":"","ast-hfb-above-header-display":"","ast-hfb-below-header-display":"","ast-hfb-mobile-header-display":"","site-post-title":"","ast-breadcrumbs-content":"","ast-featured-img":"","footer-sml-layout":"","theme-transparent-header-meta":"","adv-header-id-meta":"","stick-header-meta":"","header-above-stick-meta":"","header-main-stick-meta":"","header-below-stick-meta":""},"categories":[848,841],"tags":[],"acf":[],"_links":{"self":[{"href":"https:\/\/www.cnbb.org.br\/cnbb-app\/wp\/v2\/posts\/16878"}],"collection":[{"href":"https:\/\/www.cnbb.org.br\/cnbb-app\/wp\/v2\/posts"}],"about":[{"href":"https:\/\/www.cnbb.org.br\/cnbb-app\/wp\/v2\/types\/post"}],"author":[{"embeddable":true,"href":"https:\/\/www.cnbb.org.br\/cnbb-app\/wp\/v2\/users\/83"}],"replies":[{"embeddable":true,"href":"https:\/\/www.cnbb.org.br\/cnbb-app\/wp\/v2\/comments?post=16878"}],"version-history":[{"count":0,"href":"https:\/\/www.cnbb.org.br\/cnbb-app\/wp\/v2\/posts\/16878\/revisions"}],"wp:attachment":[{"href":"https:\/\/www.cnbb.org.br\/cnbb-app\/wp\/v2\/media?parent=16878"}],"wp:term":[{"taxonomy":"category","embeddable":true,"href":"https:\/\/www.cnbb.org.br\/cnbb-app\/wp\/v2\/categories?post=16878"},{"taxonomy":"post_tag","embeddable":true,"href":"https:\/\/www.cnbb.org.br\/cnbb-app\/wp\/v2\/tags?post=16878"}],"curies":[{"name":"wp","href":"https:\/\/api.w.org\/{rel}","templated":true}]}}