{"id":16887,"date":"2010-07-24T00:00:00","date_gmt":"2010-07-24T03:00:00","guid":{"rendered":"https:\/\/www.cnbb.org.br\/encontro-mineiro-das-cebs-discute-economia-e-missao\/"},"modified":"2020-03-11T20:50:19","modified_gmt":"2020-03-11T23:50:19","slug":"encontro-mineiro-das-cebs-discute-economia-e-missao","status":"publish","type":"post","link":"https:\/\/www.cnbb.org.br\/encontro-mineiro-das-cebs-discute-economia-e-missao\/","title":{"rendered":"Encontro Mineiro das CEBs discute economia e miss\u00e3o"},"content":{"rendered":"<p style=\"text-align: justify\">Desde quinta-feira, 22, as Comunidades Eclesiais de Base (CEBs) do estado de Minas Gerais est\u00e3o discutindo o tema \u201ceconomia e miss\u00e3o\u201d, sob o lema \u201cconstruindo uma Igreja solid\u00e1ria\u201d. Este j\u00e1 \u00e9 o sexto encontro realizado pelas CEBs mineiras e re\u00fane 2 mil pessoas em Montes Claros.<\/p>\n<p>  <!--more-->  <\/p>\n<p style=\"text-align: justify\">S\u00e3o cinco os eixos tem\u00e1ticos debatidos pelas CEBs: social, ecol\u00f3gico, econ\u00f4mico, eclesial e pol\u00edtico, com assessoria dos padres Ant\u00f4nio Alvimar Sousa, Nelito Dornelas e Cleto Caliman; do frei Gilvander Moreira e do soci\u00f3logo Pedro Ribeiro de Oliveira.<\/p>\n<p>Na sexta-feira, 23, uma caminhada percorreu o centro da cidade lembrando a Campanha Nacional contra a Viol\u00eancia e o Exterm\u00ednio da Juventude realizada pela Pastoral da Juventude do Brasil. <\/p>\n<p>O encontro prossegue at\u00e9 domingo, 25, e dever\u00e1 aprovar uma carta e outras a\u00e7\u00f5es a serem assumidas pelas CEBs mineiras. O encerramento ser\u00e1 com uma missa no Col\u00e9gio Marista S\u00e3o Jos\u00e9, presidida pelo arcebispo de Montes Claros e presidente da Comiss\u00e3o Episcopal para o Ecumenismo e o Di\u00e1logo Inter-religioso da CNBB, dom Jos\u00e9 Alberto Moura.<\/p>\n","protected":false},"excerpt":{"rendered":"<p>Desde quinta-feira, 22, as Comunidades Eclesiais de Base (CEBs) do estado de Minas Gerais est\u00e3o discutindo o tema \u201ceconomia e miss\u00e3o\u201d, sob o lema \u201cconstruindo uma Igreja solid\u00e1ria\u201d. Este j\u00e1 \u00e9 o sexto encontro realizado pelas CEBs mineiras e re\u00fane 2 mil pessoas em Montes Claros.<\/p>\n","protected":false},"author":83,"featured_media":16888,"comment_status":"open","ping_status":"open","sticky":false,"template":"","format":"standard","meta":{"site-sidebar-layout":"default","site-content-layout":"default","ast-global-header-display":"","ast-banner-title-visibility":"","ast-main-header-display":"","ast-hfb-above-header-display":"","ast-hfb-below-header-display":"","ast-hfb-mobile-header-display":"","site-post-title":"","ast-breadcrumbs-content":"","ast-featured-img":"","footer-sml-layout":"","theme-transparent-header-meta":"","adv-header-id-meta":"","stick-header-meta":"","header-above-stick-meta":"","header-main-stick-meta":"","header-below-stick-meta":""},"categories":[848,841],"tags":[],"acf":[],"_links":{"self":[{"href":"https:\/\/www.cnbb.org.br\/cnbb-app\/wp\/v2\/posts\/16887"}],"collection":[{"href":"https:\/\/www.cnbb.org.br\/cnbb-app\/wp\/v2\/posts"}],"about":[{"href":"https:\/\/www.cnbb.org.br\/cnbb-app\/wp\/v2\/types\/post"}],"author":[{"embeddable":true,"href":"https:\/\/www.cnbb.org.br\/cnbb-app\/wp\/v2\/users\/83"}],"replies":[{"embeddable":true,"href":"https:\/\/www.cnbb.org.br\/cnbb-app\/wp\/v2\/comments?post=16887"}],"version-history":[{"count":0,"href":"https:\/\/www.cnbb.org.br\/cnbb-app\/wp\/v2\/posts\/16887\/revisions"}],"wp:featuredmedia":[{"embeddable":true,"href":"https:\/\/www.cnbb.org.br\/cnbb-app\/wp\/v2\/media\/16888"}],"wp:attachment":[{"href":"https:\/\/www.cnbb.org.br\/cnbb-app\/wp\/v2\/media?parent=16887"}],"wp:term":[{"taxonomy":"category","embeddable":true,"href":"https:\/\/www.cnbb.org.br\/cnbb-app\/wp\/v2\/categories?post=16887"},{"taxonomy":"post_tag","embeddable":true,"href":"https:\/\/www.cnbb.org.br\/cnbb-app\/wp\/v2\/tags?post=16887"}],"curies":[{"name":"wp","href":"https:\/\/api.w.org\/{rel}","templated":true}]}}